{"id":4458,"date":"2024-09-21T14:31:53","date_gmt":"2024-09-21T17:31:53","guid":{"rendered":"https:\/\/impactodenoticias.com.ar\/?p=4458"},"modified":"2024-09-21T14:31:53","modified_gmt":"2024-09-21T17:31:53","slug":"impactante-accidente-vial-con-vuelco-en-urdinarrain-dos-jovenes-fueron-hospitalizados","status":"publish","type":"post","link":"https:\/\/impactodenoticias.com.ar\/?p=4458","title":{"rendered":"Impactante accidente vial con vuelco en Urdinarrain: dos j\u00f3venes fueron hospitalizados"},"content":{"rendered":"\n<p class=\"has-medium-font-size\"><strong>Un siniestro vial ocurri\u00f3 en Urdinarrain, por causas que se buscan establecer se produjo un accidente vial y vuelco en la zona de Obras Sanitarias.<\/strong><\/p>\n\n\n\n<p>Seg\u00fan la informaci\u00f3n policial obtenida por <strong>IMPACTO DE NOTICIAS<\/strong>, el accidente vial se produjo cerca de las 15.25 del viernes en calle Inchausti y 1\u00b0 de Mayo. El siniestro vial fue protagonizado por dos j\u00f3venes que manejaban el autom\u00f3vil Citr\u00f6en Cross, que luego de volcar qued\u00f3 con las ruedas mirando el cielo.<\/p>\n\n\n\n<p>Debido a la violencia del accidente, los j\u00f3venes que iban en el veh\u00edculo tuvieron que ser trasladados al Hospital Belgrano para recibir atenci\u00f3n m\u00e9dica y constatar que ninguno hubiera sufrido heridas de gravedad.<\/p>\n\n\n\n<p>En el lugar tom\u00f3 intervenci\u00f3n personal policial, Bomberos Voluntarios de la ciudad de Urdinarrain y personal de tr\u00e1nsito municipal.<\/p>\n","protected":false},"excerpt":{"rendered":"<p>Un siniestro vial ocurri&oacute; en Urdinarrain, por causas que se buscan establecer se produjo un accidente vial y vuelco en la zona de Obras Sanitarias. Seg&uacute;n la informaci&oacute;n policial obtenida por IMPACTO DE NOTICIAS, el accidente vial se produjo cerca de las 15.25 del viernes en calle Inchausti y 1&deg; de Mayo. El siniestro vial [&hellip;]<\/p>\n","protected":false},"author":2,"featured_media":4459,"comment_status":"open","ping_status":"open","sticky":false,"template":"","format":"standard","meta":{"footnotes":""},"categories":[8,4],"tags":[120,1157,1221,336],"class_list":["post-4458","post","type-post","status-publish","format-standard","has-post-thumbnail","hentry","category-policiales","category-provinciales","tag-accidente","tag-jovenes-2","tag-urdinarrain","tag-vuelco"],"_links":{"self":[{"href":"https:\/\/impactodenoticias.com.ar\/index.php?rest_route=\/wp\/v2\/posts\/4458","targetHints":{"allow":["GET"]}}],"collection":[{"href":"https:\/\/impactodenoticias.com.ar\/index.php?rest_route=\/wp\/v2\/posts"}],"about":[{"href":"https:\/\/impactodenoticias.com.ar\/index.php?rest_route=\/wp\/v2\/types\/post"}],"author":[{"embeddable":true,"href":"https:\/\/impactodenoticias.com.ar\/index.php?rest_route=\/wp\/v2\/users\/2"}],"replies":[{"embeddable":true,"href":"https:\/\/impactodenoticias.com.ar\/index.php?rest_route=%2Fwp%2Fv2%2Fcomments&post=4458"}],"version-history":[{"count":1,"href":"https:\/\/impactodenoticias.com.ar\/index.php?rest_route=\/wp\/v2\/posts\/4458\/revisions"}],"predecessor-version":[{"id":4460,"href":"https:\/\/impactodenoticias.com.ar\/index.php?rest_route=\/wp\/v2\/posts\/4458\/revisions\/4460"}],"wp:featuredmedia":[{"embeddable":true,"href":"https:\/\/impactodenoticias.com.ar\/index.php?rest_route=\/wp\/v2\/media\/4459"}],"wp:attachment":[{"href":"https:\/\/impactodenoticias.com.ar\/index.php?rest_route=%2Fwp%2Fv2%2Fmedia&parent=4458"}],"wp:term":[{"taxonomy":"category","embeddable":true,"href":"https:\/\/impactodenoticias.com.ar\/index.php?rest_route=%2Fwp%2Fv2%2Fcategories&post=4458"},{"taxonomy":"post_tag","embeddable":true,"href":"https:\/\/impactodenoticias.com.ar\/index.php?rest_route=%2Fwp%2Fv2%2Ftags&post=4458"}],"curies":[{"name":"wp","href":"https:\/\/api.w.org\/{rel}","templated":true}]}}