{"id":4461,"date":"2024-09-21T21:12:55","date_gmt":"2024-09-22T00:12:55","guid":{"rendered":"https:\/\/impactodenoticias.com.ar\/?p=4461"},"modified":"2024-09-21T21:12:56","modified_gmt":"2024-09-22T00:12:56","slug":"calor-en-entre-rios-pronostican-la-llegada-de-inestabilidades-para-el-finde-semana","status":"publish","type":"post","link":"https:\/\/impactodenoticias.com.ar\/?p=4461","title":{"rendered":"Calor en Entre R\u00edos: pronostican la llegada de inestabilidades para el finde semana"},"content":{"rendered":"\n<p class=\"has-medium-font-size\"><strong>El Servicio Meteorol\u00f3gico Nacional (SMN), informa que la segunda mitad del fin de semana en Entre R\u00edos registrar\u00e1 mucho calor y precipitaciones. La inestabilidad se extender\u00e1 hacia el comienzo de la semana.<\/strong><\/p>\n\n\n\n<p>Tras un s\u00e1bado con muy buen clima, para inaugurar la primavera, con temperaturas c\u00e1lidas y un cielo que se present\u00f3 entre soleado y algonublado, las condiciones cambiar\u00e1n el domingo, seg\u00fan el pron\u00f3stico del organismo estatal. Toda la provincia registrar\u00e1 un d\u00eda con m\u00e1s de 30\u00ba de calor y, con el correr de las horas, lluvias y tormentas.<\/p>\n\n\n\n<p><\/p>\n\n\n\n<figure class=\"wp-block-image size-full\"><img loading=\"lazy\" decoding=\"async\" width=\"472\" height=\"800\" src=\"https:\/\/impactodenoticias.com.ar\/wp-content\/uploads\/2024\/09\/mapa_alertas-1.png\" alt=\"\" class=\"wp-image-4462\" srcset=\"https:\/\/impactodenoticias.com.ar\/wp-content\/uploads\/2024\/09\/mapa_alertas-1.png 472w, https:\/\/impactodenoticias.com.ar\/wp-content\/uploads\/2024\/09\/mapa_alertas-1-177x300.png 177w\" sizes=\"auto, (max-width: 472px) 100vw, 472px\" \/><\/figure>\n\n\n\n<p><\/p>\n\n\n\n<p>El SMN precisa que el domingo Entre R\u00edos tendr\u00e1 cielo mayormente nublado en la madrugada y la ma\u00f1ana. Las tormentas llegar\u00e1n en horas de la tarde. En la mitad oeste de la provincia ser\u00e1n m\u00e1s bien aisladas, aunque en la franja costera del r\u00edo Uruguay podr\u00e1n ser fuertes llegada la noche.<\/p>\n\n\n\n<p>Los registros t\u00e9rmicos oscilaran a lo largo de la jornada desde los 19\u00ba de m\u00ednima y hasta 34\u00ba de m\u00e1xima. Los vientos soplar\u00e1n desde el norte pero rotar\u00e1n hacia el sureste, lo que traer\u00eda la inestabilidad.<\/p>\n\n\n\n<p>El lunes comenzar\u00e1 con tormentas fuertes en la mayor\u00eda de la provincia, que seguiran aisladas durante la ma\u00f1ana y la tarde. Hacia la noche el cielo podr\u00eda despejarse en el centro y costa del Paran\u00e1 y las lluvias proseguir\u00edan en la mitad este.<\/p>\n\n\n\n<p>El primer d\u00eda de la semana tendr\u00eda temperaturas entre 19\u00ba y 25\u00ba y vientos procedentes del sur y el sureste, que podr\u00edan intensificarse hasta registrar r\u00e1fagas de 50 kil\u00f3metros por hora.<\/p>\n\n\n\n<p>Seg\u00fan el pron\u00f3stico extendido del SMN, la inestabilidad continuar\u00eda tambi\u00e9n el martes en Entre R\u00edos.<\/p>\n","protected":false},"excerpt":{"rendered":"<p>El Servicio Meteorol&oacute;gico Nacional (SMN), informa que la segunda mitad del fin de semana en Entre R&iacute;os registrar&aacute; mucho calor y precipitaciones. La inestabilidad se extender&aacute; hacia el comienzo de la semana. Tras un s&aacute;bado con muy buen clima, para inaugurar la primavera, con temperaturas c&aacute;lidas y un cielo que se present&oacute; entre soleado y [&hellip;]<\/p>\n","protected":false},"author":2,"featured_media":4463,"comment_status":"open","ping_status":"open","sticky":false,"template":"","format":"standard","meta":{"footnotes":""},"categories":[4,49],"tags":[38,33],"class_list":["post-4461","post","type-post","status-publish","format-standard","has-post-thumbnail","hentry","category-provinciales","category-sociedad","tag-clima","tag-entre-rios"],"_links":{"self":[{"href":"https:\/\/impactodenoticias.com.ar\/index.php?rest_route=\/wp\/v2\/posts\/4461","targetHints":{"allow":["GET"]}}],"collection":[{"href":"https:\/\/impactodenoticias.com.ar\/index.php?rest_route=\/wp\/v2\/posts"}],"about":[{"href":"https:\/\/impactodenoticias.com.ar\/index.php?rest_route=\/wp\/v2\/types\/post"}],"author":[{"embeddable":true,"href":"https:\/\/impactodenoticias.com.ar\/index.php?rest_route=\/wp\/v2\/users\/2"}],"replies":[{"embeddable":true,"href":"https:\/\/impactodenoticias.com.ar\/index.php?rest_route=%2Fwp%2Fv2%2Fcomments&post=4461"}],"version-history":[{"count":1,"href":"https:\/\/impactodenoticias.com.ar\/index.php?rest_route=\/wp\/v2\/posts\/4461\/revisions"}],"predecessor-version":[{"id":4464,"href":"https:\/\/impactodenoticias.com.ar\/index.php?rest_route=\/wp\/v2\/posts\/4461\/revisions\/4464"}],"wp:featuredmedia":[{"embeddable":true,"href":"https:\/\/impactodenoticias.com.ar\/index.php?rest_route=\/wp\/v2\/media\/4463"}],"wp:attachment":[{"href":"https:\/\/impactodenoticias.com.ar\/index.php?rest_route=%2Fwp%2Fv2%2Fmedia&parent=4461"}],"wp:term":[{"taxonomy":"category","embeddable":true,"href":"https:\/\/impactodenoticias.com.ar\/index.php?rest_route=%2Fwp%2Fv2%2Fcategories&post=4461"},{"taxonomy":"post_tag","embeddable":true,"href":"https:\/\/impactodenoticias.com.ar\/index.php?rest_route=%2Fwp%2Fv2%2Ftags&post=4461"}],"curies":[{"name":"wp","href":"https:\/\/api.w.org\/{rel}","templated":true}]}}