{"id":4465,"date":"2024-09-22T09:30:09","date_gmt":"2024-09-22T12:30:09","guid":{"rendered":"https:\/\/impactodenoticias.com.ar\/?p=4465"},"modified":"2024-09-22T09:30:10","modified_gmt":"2024-09-22T12:30:10","slug":"la-provincia-reconocio-a-roberto-romani-por-su-trayectoria-en-la-cultura-y-comunicacion","status":"publish","type":"post","link":"https:\/\/impactodenoticias.com.ar\/?p=4465","title":{"rendered":"La provincia reconoci\u00f3 a Roberto Romani por su trayectoria en la Cultura y Comunicaci\u00f3n"},"content":{"rendered":"\n<p class=\"has-medium-font-size\"><strong>El gobernador Rogelio Frigerio encabez\u00f3 el acto de reconocimiento al m\u00fasico, poeta y comunicador, Roberto Romani, a quien le entreg\u00f3 la distinci\u00f3n provincial \u00abEl Sauce\u00bb, creada y entregada por primera vez, para destacar la trayectoria en la Cultura y la Comunicaci\u00f3n.<\/strong><\/p>\n\n\n\n<p>\u00abEs un premio que queremos darle a las figuras m\u00e1s importantes que tenemos en nuestra provincia en t\u00e9rminos de cultura y de comunicaci\u00f3n\u00bb, expres\u00f3 el mandatario durante el acto de reconocimiento y entrega de la distinci\u00f3n a Roberto Romani, que se desarroll\u00f3 este s\u00e1bado en Larroque.<\/p>\n\n\n\n<p>\u00abEs un honor y un gusto personal poder entregarte esta distinci\u00f3n, este premio provincial `El Sauce\u00bf, que hace alusi\u00f3n al caballo de Urquiza, ese caballo que mont\u00f3 para entrar en Buenos Aires, despu\u00e9s la Batalla de Caseros\u00bb, continu\u00f3 diciendo.<\/p>\n\n\n\n<p>P\u00e1rrafo seguido, destac\u00f3 la importancia del reconoocimiento que, \u00abm\u00e1s all\u00e1 de ser una distinci\u00f3n a tu persona, tambi\u00e9n pretende poner en valor a nuestra cultura y a quienes la defienden\u00bb, remarc\u00f3 y acot\u00f3: \u00abLos pueblos que no impulsan, no propagan, no invierten en su cultura, son pueblos que terminan siendo d\u00e9biles, que terminan estando a la merced de cualquiera. Son pueblos que finalmente no son libres, porque la cultura y la educaci\u00f3n nos dan la libertad\u00bb.<\/p>\n\n\n\n<p><\/p>\n\n\n\n<figure class=\"wp-block-image size-large\"><img loading=\"lazy\" decoding=\"async\" width=\"1024\" height=\"683\" src=\"https:\/\/impactodenoticias.com.ar\/wp-content\/uploads\/2024\/09\/f3d4d94f-a19a-4ebd-b728-485079d554f0-1-1024x683.jpg\" alt=\"\" class=\"wp-image-4467\" srcset=\"https:\/\/impactodenoticias.com.ar\/wp-content\/uploads\/2024\/09\/f3d4d94f-a19a-4ebd-b728-485079d554f0-1-1024x683.jpg 1024w, https:\/\/impactodenoticias.com.ar\/wp-content\/uploads\/2024\/09\/f3d4d94f-a19a-4ebd-b728-485079d554f0-1-300x200.jpg 300w, https:\/\/impactodenoticias.com.ar\/wp-content\/uploads\/2024\/09\/f3d4d94f-a19a-4ebd-b728-485079d554f0-1-768x512.jpg 768w, https:\/\/impactodenoticias.com.ar\/wp-content\/uploads\/2024\/09\/f3d4d94f-a19a-4ebd-b728-485079d554f0-1.jpg 1200w\" sizes=\"auto, (max-width: 1024px) 100vw, 1024px\" \/><\/figure>\n\n\n\n<p><\/p>\n\n\n\n<p>Por su parte, Roberto Romani agradeci\u00f3 al gobernador por las palabras y por \u00abesta decisi\u00f3n de comenzar a premiar a gente valiosa\u00bb. Tambi\u00e9n, destac\u00f3 la labor de Sergio Kneteman y Fabi\u00e1n Reato, que fueron propulsores de esta iniciativa a trav\u00e9s del gobierno de la provincia. \u00abS\u00e9 que han trabajado con un equipo maravilloso\u00bb, valor\u00f3.<\/p>\n\n\n\n<p>En la oportunidad, Romani hizo entrega de su primer guitarra al intendente de Larroque. \u00abEs muy significativa para m\u00ed y va a quedar en las manos de Francisco, para que quede para siempre en nuestro pueblo, en el museo o donde consideren\u00bb, dijo, al tiempo que record\u00f3 que tuvo su primer guitarra el 20 de enero de 1978, \u00abcuando comenc\u00e9 a gravitar en la vida cultural, comunicacional, del teatro y de tanto sue\u00f1os aqu\u00ed en Larroque\u00bb.<\/p>\n\n\n\n<p>Acompa\u00f1aron en el evento, el intendente de Larroque, Francisco Benedetti; el secretario de Cultura, Fabi\u00e1n Reato; y el secretario de Comunicaci\u00f3n y Prensa, Sergio Kneeteman. Cabe destacar, que la velada cont\u00f3 con m\u00fasicos y artistas de la provincia que desarrollaron el espect\u00e1culo denominado \u00abEntre R\u00edos celebra a Roberto Romani\u00bb.<\/p>\n\n\n\n<p><strong>Embajador de la cultura entrerriana<\/strong><\/p>\n\n\n\n<p>Roberto Romani naci\u00f3 en Larroque en 1957 y vivi\u00f3 con su familia en la zona rural hasta los 15 a\u00f1os. Se licenci\u00f3 en Ciencias de la Comunicaci\u00f3n Social y trabaj\u00f3 en el diario Noticias de Gualeguaych\u00fa y en Radio Gualeguay, colaborando permanentemente con medios period\u00edsticos de la regi\u00f3n. Escribi\u00f3 400 obras musicales, public\u00f3 30 libros e hizo 16 grabaciones -con poemas y melod\u00edas del Litoral- y cinco trabajos audiovisuales. Fue director de la Editorial de Entre R\u00edos, secretario de Cultura de la provincia, y ha recorrido la provincia y el pa\u00eds como poeta y animador de fiestas populares.<\/p>\n","protected":false},"excerpt":{"rendered":"<p>El gobernador Rogelio Frigerio encabez&oacute; el acto de reconocimiento al m&uacute;sico, poeta y comunicador, Roberto Romani, a quien le entreg&oacute; la distinci&oacute;n provincial &laquo;El Sauce&raquo;, creada y entregada por primera vez, para destacar la trayectoria en la Cultura y la Comunicaci&oacute;n. &laquo;Es un premio que queremos darle a las figuras m&aacute;s importantes que tenemos en [&hellip;]<\/p>\n","protected":false},"author":2,"featured_media":4466,"comment_status":"open","ping_status":"open","sticky":false,"template":"","format":"standard","meta":{"footnotes":""},"categories":[4,49],"tags":[2040,33,2039,39],"class_list":["post-4465","post","type-post","status-publish","format-standard","has-post-thumbnail","hentry","category-provinciales","category-sociedad","tag-el-sauce","tag-entre-rios","tag-roberto-romani","tag-rogelio-frigerio"],"_links":{"self":[{"href":"https:\/\/impactodenoticias.com.ar\/index.php?rest_route=\/wp\/v2\/posts\/4465","targetHints":{"allow":["GET"]}}],"collection":[{"href":"https:\/\/impactodenoticias.com.ar\/index.php?rest_route=\/wp\/v2\/posts"}],"about":[{"href":"https:\/\/impactodenoticias.com.ar\/index.php?rest_route=\/wp\/v2\/types\/post"}],"author":[{"embeddable":true,"href":"https:\/\/impactodenoticias.com.ar\/index.php?rest_route=\/wp\/v2\/users\/2"}],"replies":[{"embeddable":true,"href":"https:\/\/impactodenoticias.com.ar\/index.php?rest_route=%2Fwp%2Fv2%2Fcomments&post=4465"}],"version-history":[{"count":1,"href":"https:\/\/impactodenoticias.com.ar\/index.php?rest_route=\/wp\/v2\/posts\/4465\/revisions"}],"predecessor-version":[{"id":4468,"href":"https:\/\/impactodenoticias.com.ar\/index.php?rest_route=\/wp\/v2\/posts\/4465\/revisions\/4468"}],"wp:featuredmedia":[{"embeddable":true,"href":"https:\/\/impactodenoticias.com.ar\/index.php?rest_route=\/wp\/v2\/media\/4466"}],"wp:attachment":[{"href":"https:\/\/impactodenoticias.com.ar\/index.php?rest_route=%2Fwp%2Fv2%2Fmedia&parent=4465"}],"wp:term":[{"taxonomy":"category","embeddable":true,"href":"https:\/\/impactodenoticias.com.ar\/index.php?rest_route=%2Fwp%2Fv2%2Fcategories&post=4465"},{"taxonomy":"post_tag","embeddable":true,"href":"https:\/\/impactodenoticias.com.ar\/index.php?rest_route=%2Fwp%2Fv2%2Ftags&post=4465"}],"curies":[{"name":"wp","href":"https:\/\/api.w.org\/{rel}","templated":true}]}}