{"id":447,"date":"2024-06-26T09:36:57","date_gmt":"2024-06-26T12:36:57","guid":{"rendered":"https:\/\/impactodenoticias.com.ar\/?p=447"},"modified":"2024-06-26T09:36:59","modified_gmt":"2024-06-26T12:36:59","slug":"accidente-fatal-en-ruta-39-la-justicia-confirmo-que-orrico-cruzo-de-carril-provocando-la-tragedia","status":"publish","type":"post","link":"https:\/\/impactodenoticias.com.ar\/?p=447","title":{"rendered":"Accidente fatal en ruta 39: la Justicia confirm\u00f3 que Orrico cruz\u00f3 de carril provocando la tragedia"},"content":{"rendered":"\n<p><strong>Las pericias realizadas tras siniestro vial fatal en Ruta 39 complicaron a Juan Ruiz Orrico, el ahora exfuncionario del gobierno de Entre R\u00edos. Cuatro j\u00f3venes fallecieron en el acto.<\/strong><\/p>\n\n\n\n<p>La causa penal abierta luego del accidente fatal ocurrido el jueves pasado en Ruta 39 en horas de la madrugada, en el cual perdieran la vida cuatro j\u00f3venes trabajadores oriundos de Basavilbaso, cambi\u00f3 de car\u00e1tula por disposici\u00f3n del fiscal interviniente. Esta situaci\u00f3n se debe a pericias clave que complican a Juan Ruiz Orrico.<\/p>\n\n\n\n<p>En principio la apertura de causa fue encuadrada en \u201cestablecer formas y circunstancias\u201d, pero con el correr de las horas, si bien aun falta recibir el peritaje completo del peritaje del siniestro, se confirm\u00f3 que el auto que invade carril fue el Passat de Juan Orrico.<\/p>\n\n\n\n<p>El fiscal Eduardo Santo dispuso el cambio de fijaci\u00f3n de la apertura de causa y ahora queda como \u201cHomicidio culposo\u201d, pero aun se debe esperar resultados periciales para establecer que fue lo ocurrido y que pudo generar el tr\u00e1gico accidente vial.<\/p>\n\n\n\n<p>La Justicia espera los informes de Criminal\u00edstica y las pruebas de sangre que estar\u00e1n listas para el pr\u00f3ximo viernes, cuando ser\u00e1n entregadas a la Fiscal\u00eda.<\/p>\n\n\n\n<p>Todos estos elementos recopilados ser\u00e1n cruciales para la continuaci\u00f3n de la IPP, evidencias en las cuales el doctor Santo deber\u00e1 basar los argumentos para la o no del ex funcionario provincial ya que por el momento Orrico se encuentra internado en Buenos Aires y est\u00e1 imposibilitado de ser sometido a declaraci\u00f3n indagatoria.<\/p>\n\n\n\n<p>Crece la hip\u00f3tesis que Orrico fue trasladado por disposici\u00f3n de la familia, pero por pedido expreso del ejecutivo de la provincia, tras conocerse que el responsable del fatal siniestro vial ser\u00eda el funcionario. Para conocer los motivos del repentino cruce de carril, se deber\u00e1 esperar hasta el pr\u00f3ximo viernes.<\/p>\n","protected":false},"excerpt":{"rendered":"<p>Las pericias realizadas tras siniestro vial fatal en Ruta 39 complicaron a Juan Ruiz Orrico, el ahora exfuncionario del gobierno de Entre R&iacute;os. Cuatro j&oacute;venes fallecieron en el acto. La causa penal abierta luego del accidente fatal ocurrido el jueves pasado en Ruta 39 en horas de la madrugada, en el cual perdieran la vida [&hellip;]<\/p>\n","protected":false},"author":2,"featured_media":448,"comment_status":"open","ping_status":"open","sticky":false,"template":"","format":"standard","meta":{"footnotes":""},"categories":[90,11,4],"tags":[33,106,107,109,108],"class_list":["post-447","post","type-post","status-publish","format-standard","has-post-thumbnail","hentry","category-judicial","category-politica","category-provinciales","tag-entre-rios","tag-juan-ruiz-orrico","tag-justicia","tag-ruta-39","tag-tragedia"],"_links":{"self":[{"href":"https:\/\/impactodenoticias.com.ar\/index.php?rest_route=\/wp\/v2\/posts\/447","targetHints":{"allow":["GET"]}}],"collection":[{"href":"https:\/\/impactodenoticias.com.ar\/index.php?rest_route=\/wp\/v2\/posts"}],"about":[{"href":"https:\/\/impactodenoticias.com.ar\/index.php?rest_route=\/wp\/v2\/types\/post"}],"author":[{"embeddable":true,"href":"https:\/\/impactodenoticias.com.ar\/index.php?rest_route=\/wp\/v2\/users\/2"}],"replies":[{"embeddable":true,"href":"https:\/\/impactodenoticias.com.ar\/index.php?rest_route=%2Fwp%2Fv2%2Fcomments&post=447"}],"version-history":[{"count":1,"href":"https:\/\/impactodenoticias.com.ar\/index.php?rest_route=\/wp\/v2\/posts\/447\/revisions"}],"predecessor-version":[{"id":449,"href":"https:\/\/impactodenoticias.com.ar\/index.php?rest_route=\/wp\/v2\/posts\/447\/revisions\/449"}],"wp:featuredmedia":[{"embeddable":true,"href":"https:\/\/impactodenoticias.com.ar\/index.php?rest_route=\/wp\/v2\/media\/448"}],"wp:attachment":[{"href":"https:\/\/impactodenoticias.com.ar\/index.php?rest_route=%2Fwp%2Fv2%2Fmedia&parent=447"}],"wp:term":[{"taxonomy":"category","embeddable":true,"href":"https:\/\/impactodenoticias.com.ar\/index.php?rest_route=%2Fwp%2Fv2%2Fcategories&post=447"},{"taxonomy":"post_tag","embeddable":true,"href":"https:\/\/impactodenoticias.com.ar\/index.php?rest_route=%2Fwp%2Fv2%2Ftags&post=447"}],"curies":[{"name":"wp","href":"https:\/\/api.w.org\/{rel}","templated":true}]}}