{"id":4485,"date":"2024-09-23T09:32:16","date_gmt":"2024-09-23T12:32:16","guid":{"rendered":"https:\/\/impactodenoticias.com.ar\/?p=4485"},"modified":"2024-09-23T09:32:17","modified_gmt":"2024-09-23T12:32:17","slug":"clima-en-entre-rios-se-pronostican-luvias-y-tormentas-para-este-lunes-y-martes-en-el-territorio-provincial","status":"publish","type":"post","link":"https:\/\/impactodenoticias.com.ar\/?p=4485","title":{"rendered":"Clima en Entre R\u00edos: se pronostican luvias y tormentas para este lunes y martes en el territorio provincial"},"content":{"rendered":"\n<p class=\"has-medium-font-size\"><strong>La semana inicia con malas condiciones climatol\u00f3gicas en Entre R\u00edos. En algunas zonas de la provincia llovi\u00f3 y cay\u00f3 granizo, como ocurri\u00f3 en localidades del sur.<\/strong><\/p>\n\n\n\n<p>El Servicio Meteorol\u00f3gico Nacional \u2013SMN\u2013 informa que el mal tiempo continuar\u00e1 este lunes y martes. El pron\u00f3stico anuncia inestabilidades, con lluvias y tormentas aisladas durante los dos d\u00edas.<\/p>\n\n\n\n<p><\/p>\n\n\n\n<figure class=\"wp-block-image size-large\"><img loading=\"lazy\" decoding=\"async\" width=\"1024\" height=\"246\" src=\"https:\/\/impactodenoticias.com.ar\/wp-content\/uploads\/2024\/09\/scrnli_23_9_2024_9-30-13-1024x246.png\" alt=\"\" class=\"wp-image-4486\" srcset=\"https:\/\/impactodenoticias.com.ar\/wp-content\/uploads\/2024\/09\/scrnli_23_9_2024_9-30-13-1024x246.png 1024w, https:\/\/impactodenoticias.com.ar\/wp-content\/uploads\/2024\/09\/scrnli_23_9_2024_9-30-13-300x72.png 300w, https:\/\/impactodenoticias.com.ar\/wp-content\/uploads\/2024\/09\/scrnli_23_9_2024_9-30-13-768x185.png 768w, https:\/\/impactodenoticias.com.ar\/wp-content\/uploads\/2024\/09\/scrnli_23_9_2024_9-30-13.png 1140w\" sizes=\"auto, (max-width: 1024px) 100vw, 1024px\" \/><\/figure>\n\n\n\n<figure class=\"wp-block-image size-large\"><img loading=\"lazy\" decoding=\"async\" width=\"1024\" height=\"244\" src=\"https:\/\/impactodenoticias.com.ar\/wp-content\/uploads\/2024\/09\/scrnli_23_9_2024_9-30-37-1024x244.png\" alt=\"\" class=\"wp-image-4487\" srcset=\"https:\/\/impactodenoticias.com.ar\/wp-content\/uploads\/2024\/09\/scrnli_23_9_2024_9-30-37-1024x244.png 1024w, https:\/\/impactodenoticias.com.ar\/wp-content\/uploads\/2024\/09\/scrnli_23_9_2024_9-30-37-300x72.png 300w, https:\/\/impactodenoticias.com.ar\/wp-content\/uploads\/2024\/09\/scrnli_23_9_2024_9-30-37-768x183.png 768w, https:\/\/impactodenoticias.com.ar\/wp-content\/uploads\/2024\/09\/scrnli_23_9_2024_9-30-37.png 1141w\" sizes=\"auto, (max-width: 1024px) 100vw, 1024px\" \/><\/figure>\n\n\n\n<figure class=\"wp-block-image size-large\"><img loading=\"lazy\" decoding=\"async\" width=\"1024\" height=\"243\" src=\"https:\/\/impactodenoticias.com.ar\/wp-content\/uploads\/2024\/09\/scrnli_23_9_2024_9-31-03-1024x243.png\" alt=\"\" class=\"wp-image-4488\" srcset=\"https:\/\/impactodenoticias.com.ar\/wp-content\/uploads\/2024\/09\/scrnli_23_9_2024_9-31-03-1024x243.png 1024w, https:\/\/impactodenoticias.com.ar\/wp-content\/uploads\/2024\/09\/scrnli_23_9_2024_9-31-03-300x71.png 300w, https:\/\/impactodenoticias.com.ar\/wp-content\/uploads\/2024\/09\/scrnli_23_9_2024_9-31-03-768x182.png 768w, https:\/\/impactodenoticias.com.ar\/wp-content\/uploads\/2024\/09\/scrnli_23_9_2024_9-31-03.png 1140w\" sizes=\"auto, (max-width: 1024px) 100vw, 1024px\" \/><\/figure>\n\n\n\n<p><\/p>\n\n\n\n<p>Este lunes, persiste un alerta por tormentas duranta la ma\u00f1ana. Con el correr de las horas, se esperan precipitaciones aisladas con distinta intensidad y de manera localizada.<\/p>\n\n\n\n<p>Para la jornada del lunes las temperaturas m\u00ednimas rondar\u00e1n entre 15 y 19 grados y m\u00e1ximas de entre 21 y 27 grados. Mientras que para ma\u00f1ana se aguarda una leve baja de las t\u00e9rmicas, con m\u00e1ximas de hasta 23 y 24 grados.<\/p>\n\n\n\n<p>Para este martes de madrugada y ma\u00f1ana se esperan nuevos frentes de lluvias y tormentas fuertes en distintos puntos del territorio provincial. Luego continuar\u00e1n las inestabilidades m\u00e1s d\u00e9biles.<\/p>\n\n\n\n<p>El mi\u00e9rcoles 25 de septiembre reci\u00e9n mejorar\u00e1n las condiciones del tiempo, con elevada nubosidad pero ya sin probabilidad de lluvias. Se espera que desciendan las temperaturas.<\/p>\n","protected":false},"excerpt":{"rendered":"<p>La semana inicia con malas condiciones climatol&oacute;gicas en Entre R&iacute;os. En algunas zonas de la provincia llovi&oacute; y cay&oacute; granizo, como ocurri&oacute; en localidades del sur. El Servicio Meteorol&oacute;gico Nacional &ndash;SMN&ndash; informa que el mal tiempo continuar&aacute; este lunes y martes. El pron&oacute;stico anuncia inestabilidades, con lluvias y tormentas aisladas durante los dos d&iacute;as. Este [&hellip;]<\/p>\n","protected":false},"author":2,"featured_media":4489,"comment_status":"open","ping_status":"open","sticky":false,"template":"","format":"standard","meta":{"footnotes":""},"categories":[4,49],"tags":[38,33],"class_list":["post-4485","post","type-post","status-publish","format-standard","has-post-thumbnail","hentry","category-provinciales","category-sociedad","tag-clima","tag-entre-rios"],"_links":{"self":[{"href":"https:\/\/impactodenoticias.com.ar\/index.php?rest_route=\/wp\/v2\/posts\/4485","targetHints":{"allow":["GET"]}}],"collection":[{"href":"https:\/\/impactodenoticias.com.ar\/index.php?rest_route=\/wp\/v2\/posts"}],"about":[{"href":"https:\/\/impactodenoticias.com.ar\/index.php?rest_route=\/wp\/v2\/types\/post"}],"author":[{"embeddable":true,"href":"https:\/\/impactodenoticias.com.ar\/index.php?rest_route=\/wp\/v2\/users\/2"}],"replies":[{"embeddable":true,"href":"https:\/\/impactodenoticias.com.ar\/index.php?rest_route=%2Fwp%2Fv2%2Fcomments&post=4485"}],"version-history":[{"count":1,"href":"https:\/\/impactodenoticias.com.ar\/index.php?rest_route=\/wp\/v2\/posts\/4485\/revisions"}],"predecessor-version":[{"id":4490,"href":"https:\/\/impactodenoticias.com.ar\/index.php?rest_route=\/wp\/v2\/posts\/4485\/revisions\/4490"}],"wp:featuredmedia":[{"embeddable":true,"href":"https:\/\/impactodenoticias.com.ar\/index.php?rest_route=\/wp\/v2\/media\/4489"}],"wp:attachment":[{"href":"https:\/\/impactodenoticias.com.ar\/index.php?rest_route=%2Fwp%2Fv2%2Fmedia&parent=4485"}],"wp:term":[{"taxonomy":"category","embeddable":true,"href":"https:\/\/impactodenoticias.com.ar\/index.php?rest_route=%2Fwp%2Fv2%2Fcategories&post=4485"},{"taxonomy":"post_tag","embeddable":true,"href":"https:\/\/impactodenoticias.com.ar\/index.php?rest_route=%2Fwp%2Fv2%2Ftags&post=4485"}],"curies":[{"name":"wp","href":"https:\/\/api.w.org\/{rel}","templated":true}]}}