{"id":4510,"date":"2024-09-23T11:13:51","date_gmt":"2024-09-23T14:13:51","guid":{"rendered":"https:\/\/impactodenoticias.com.ar\/?p=4510"},"modified":"2024-09-23T11:13:51","modified_gmt":"2024-09-23T14:13:51","slug":"aluani-participo-del-primer-festival-vivo-la-picada","status":"publish","type":"post","link":"https:\/\/impactodenoticias.com.ar\/?p=4510","title":{"rendered":"Aluani particip\u00f3 del Primer Festival Vivo La Picada"},"content":{"rendered":"\n<h3 class=\"wp-block-heading\">La vicegobernadora Alicia Aluani, junto al presidente comunal de La Picada, Sebasti\u00e1n R\u00edos, participaron del 1\u00b0 Festival \u201cVivo La Picada\u201d, organizado por la comuna. En el evento conocieron stands de emprendedores y se integraron a las actividades culturales y recreativas.<\/h3>\n\n\n\n<p>Este s\u00e1bado en el predio de la estaci\u00f3n ferrocarril La Picada, se llev\u00f3 a cabo el 1\u00b0 Festival \u201cVivo La Picada\u201d, que fue declarado de inter\u00e9s tur\u00edstico, social, y cultural por la Honorable C\u00e1mara de Senadores. El mismo se realiz\u00f3 en el marco de un nuevo aniversario en conmemoraci\u00f3n a la ca\u00edda del puente de la localidad, un 21 de septiembre de 1962. Adem\u00e1s, las autoridades recorrieron senderos de montes y arroyos de la localidad.<\/p>\n\n\n\n<p>Durante el festival, Aluani agradeci\u00f3 la invitaci\u00f3n por parte del presidente comunal, con quien previamente tuvo un encuentro para interiorizarse sobre el motivo del evento, al que se refiri\u00f3 como \u201cun doloroso hecho de la ruptura del puente carretero de hace 62 a\u00f1os\u201d.<\/p>\n\n\n\n<p><\/p>\n\n\n\n<figure class=\"wp-block-image size-large\"><img loading=\"lazy\" decoding=\"async\" width=\"1024\" height=\"682\" src=\"https:\/\/impactodenoticias.com.ar\/wp-content\/uploads\/2024\/09\/WhatsApp-Image-2024-09-21-at-14.32.59-1-1024x682.jpeg\" alt=\"\" class=\"wp-image-4511\" srcset=\"https:\/\/impactodenoticias.com.ar\/wp-content\/uploads\/2024\/09\/WhatsApp-Image-2024-09-21-at-14.32.59-1-1024x682.jpeg 1024w, https:\/\/impactodenoticias.com.ar\/wp-content\/uploads\/2024\/09\/WhatsApp-Image-2024-09-21-at-14.32.59-1-300x200.jpeg 300w, https:\/\/impactodenoticias.com.ar\/wp-content\/uploads\/2024\/09\/WhatsApp-Image-2024-09-21-at-14.32.59-1-768x512.jpeg 768w, https:\/\/impactodenoticias.com.ar\/wp-content\/uploads\/2024\/09\/WhatsApp-Image-2024-09-21-at-14.32.59-1.jpeg 1280w\" sizes=\"auto, (max-width: 1024px) 100vw, 1024px\" \/><\/figure>\n\n\n\n<p><\/p>\n\n\n\n<p>Tambi\u00e9n brind\u00f3 palabras a los vecinos presentes, y expres\u00f3 que: \u201cEs realmente admirable y digno de destacar y de imitar, porque de un hecho tan doloroso ustedes lo hicieron positivo e hicieron mirar hacia el futuro y no quedarse anclados en el pasado\u201d. Asimismo, la mandataria inst\u00f3 a la comunidad a continuar con este tipo de eventos \u201cporque tambi\u00e9n es donde se re\u00fane la comunidad, y ustedes pueden compartir esta parte de la historia con los m\u00e1s j\u00f3venes\u201d.<\/p>\n\n\n\n<p>Por \u00faltimo, la vicegobernadora remarc\u00f3 que \u201cdesde el Gobierno siempre vamos a acompa\u00f1ar estos encuentros que resaltan la historia, la cultura y la identidad del lugar\u201d.<\/p>\n\n\n\n<p>Por su parte, el presidente comunal, Sebasti\u00e1n R\u00edos, destac\u00f3 \u201cal pueblo de La Picada y a todas las localidades vecinas\u201d, y expres\u00f3 que \u201ccomo dec\u00eda la vicegobernadora, queremos resignificar nuestra historia\u201d, y comparti\u00f3 sus intenciones de impulsar el \u201cproyecto de construcci\u00f3n del puente peatonal\u201d que tiene como objetivo unir las orillas de La Picada Norte y Sur.<\/p>\n\n\n\n<p><strong>Otras presencias<\/strong><\/p>\n\n\n\n<p>Tambi\u00e9n acompa\u00f1aron el secretario de la Honorable C\u00e1mara de Senadores, Sergio Avero, y autoridades comunales de La Picada; el secretario Maximiliano Morales, la tesorera Mariana Ferger, y la secretar\u00eda de Planeamiento, Lelia Recalde.<\/p>\n","protected":false},"excerpt":{"rendered":"<p>La vicegobernadora Alicia Aluani, junto al presidente comunal de La Picada, Sebasti&aacute;n R&iacute;os, participaron del 1&deg; Festival &ldquo;Vivo La Picada&rdquo;, organizado por la comuna. En el evento conocieron stands de emprendedores y se integraron a las actividades culturales y recreativas. Este s&aacute;bado en el predio de la estaci&oacute;n ferrocarril La Picada, se llev&oacute; a cabo [&hellip;]<\/p>\n","protected":false},"author":2,"featured_media":4512,"comment_status":"open","ping_status":"open","sticky":false,"template":"","format":"standard","meta":{"footnotes":""},"categories":[4,49],"tags":[287,2059,2061,2060],"class_list":["post-4510","post","type-post","status-publish","format-standard","has-post-thumbnail","hentry","category-provinciales","category-sociedad","tag-alicia-aluani","tag-festival-vivo-la-picada","tag-maximiliano-morales","tag-sergio-avero"],"_links":{"self":[{"href":"https:\/\/impactodenoticias.com.ar\/index.php?rest_route=\/wp\/v2\/posts\/4510","targetHints":{"allow":["GET"]}}],"collection":[{"href":"https:\/\/impactodenoticias.com.ar\/index.php?rest_route=\/wp\/v2\/posts"}],"about":[{"href":"https:\/\/impactodenoticias.com.ar\/index.php?rest_route=\/wp\/v2\/types\/post"}],"author":[{"embeddable":true,"href":"https:\/\/impactodenoticias.com.ar\/index.php?rest_route=\/wp\/v2\/users\/2"}],"replies":[{"embeddable":true,"href":"https:\/\/impactodenoticias.com.ar\/index.php?rest_route=%2Fwp%2Fv2%2Fcomments&post=4510"}],"version-history":[{"count":1,"href":"https:\/\/impactodenoticias.com.ar\/index.php?rest_route=\/wp\/v2\/posts\/4510\/revisions"}],"predecessor-version":[{"id":4513,"href":"https:\/\/impactodenoticias.com.ar\/index.php?rest_route=\/wp\/v2\/posts\/4510\/revisions\/4513"}],"wp:featuredmedia":[{"embeddable":true,"href":"https:\/\/impactodenoticias.com.ar\/index.php?rest_route=\/wp\/v2\/media\/4512"}],"wp:attachment":[{"href":"https:\/\/impactodenoticias.com.ar\/index.php?rest_route=%2Fwp%2Fv2%2Fmedia&parent=4510"}],"wp:term":[{"taxonomy":"category","embeddable":true,"href":"https:\/\/impactodenoticias.com.ar\/index.php?rest_route=%2Fwp%2Fv2%2Fcategories&post=4510"},{"taxonomy":"post_tag","embeddable":true,"href":"https:\/\/impactodenoticias.com.ar\/index.php?rest_route=%2Fwp%2Fv2%2Ftags&post=4510"}],"curies":[{"name":"wp","href":"https:\/\/api.w.org\/{rel}","templated":true}]}}