{"id":4555,"date":"2024-09-24T10:47:17","date_gmt":"2024-09-24T13:47:17","guid":{"rendered":"https:\/\/impactodenoticias.com.ar\/?p=4555"},"modified":"2024-09-27T10:50:30","modified_gmt":"2024-09-27T13:50:30","slug":"se-acerca-el-dia-del-empleado-de-comercio-y-se-informa-que-dia-cierran-los-locales-en-parana","status":"publish","type":"post","link":"https:\/\/impactodenoticias.com.ar\/?p=4555","title":{"rendered":"Se acerca el D\u00eda del Empleado de Comercio y se informa qu\u00e9 d\u00eda cierran los locales en Paran\u00e1"},"content":{"rendered":"\n<p class=\"has-medium-font-size\"><strong>El Centro Comercial e Industrial de Paran\u00e1 confirm\u00f3 que el D\u00eda del Empleado de Comercio se conmemora el 26 de septiembre, pero este a\u00f1o se traslada al lunes 30 de septiembre.<\/strong><\/p>\n\n\n\n<p>Dicha jornada ser\u00e1 considerada de descanso para el personal y se espera que no haya apertura de los locales, excepto quienes paguen doble. Esta situaci\u00f3n se dar\u00e1 en todo el territorio nacional.<\/p>\n\n\n\n<p>\u201cAtento a lo ratificado por la Ley 26.541 que ha instituido el 26 de septiembre como el d\u00eda del Empleado de Comercio, la Federaci\u00f3n Argentina de Empleados de Comercio y Servicios y las C\u00e1maras Empresarias de Comercio han acordado, en uso de su autonom\u00eda colectiva, trasladar la conmemoraci\u00f3n del d\u00eda del Empleado de Comercio al lunes 30 de septiembre del corriente a\u00f1o, para que ese d\u00eda los trabajadores tengan su reconocimiento con todos los alcances de la Ley mencionada\u201d, precisa la normativa.<\/p>\n\n\n\n<p>Sobre las remuneraciones se deben dar cumplimiento a las normas legales vigentes en materia laboral (LCT y concordantes) y con los alcances de la Ley 26.541, estableci\u00e9ndose que el lunes en que se conmemorar\u00e1 el D\u00eda del Empleado de Comercio no se podr\u00e1 otorgar como franco compensatorio de descanso semanal.<\/p>\n","protected":false},"excerpt":{"rendered":"<p>El Centro Comercial e Industrial de Paran&aacute; confirm&oacute; que el D&iacute;a del Empleado de Comercio se conmemora el 26 de septiembre, pero este a&ntilde;o se traslada al lunes 30 de septiembre. Dicha jornada ser&aacute; considerada de descanso para el personal y se espera que no haya apertura de los locales, excepto quienes paguen doble. Esta [&hellip;]<\/p>\n","protected":false},"author":2,"featured_media":4556,"comment_status":"open","ping_status":"open","sticky":false,"template":"","format":"standard","meta":{"footnotes":""},"categories":[3,49],"tags":[487,1588,2077,95],"class_list":["post-4555","post","type-post","status-publish","format-standard","has-post-thumbnail","hentry","category-locales","category-sociedad","tag-cierre","tag-dia-del-empleado-de-comercio","tag-locales","tag-parana"],"_links":{"self":[{"href":"https:\/\/impactodenoticias.com.ar\/index.php?rest_route=\/wp\/v2\/posts\/4555","targetHints":{"allow":["GET"]}}],"collection":[{"href":"https:\/\/impactodenoticias.com.ar\/index.php?rest_route=\/wp\/v2\/posts"}],"about":[{"href":"https:\/\/impactodenoticias.com.ar\/index.php?rest_route=\/wp\/v2\/types\/post"}],"author":[{"embeddable":true,"href":"https:\/\/impactodenoticias.com.ar\/index.php?rest_route=\/wp\/v2\/users\/2"}],"replies":[{"embeddable":true,"href":"https:\/\/impactodenoticias.com.ar\/index.php?rest_route=%2Fwp%2Fv2%2Fcomments&post=4555"}],"version-history":[{"count":1,"href":"https:\/\/impactodenoticias.com.ar\/index.php?rest_route=\/wp\/v2\/posts\/4555\/revisions"}],"predecessor-version":[{"id":4557,"href":"https:\/\/impactodenoticias.com.ar\/index.php?rest_route=\/wp\/v2\/posts\/4555\/revisions\/4557"}],"wp:featuredmedia":[{"embeddable":true,"href":"https:\/\/impactodenoticias.com.ar\/index.php?rest_route=\/wp\/v2\/media\/4556"}],"wp:attachment":[{"href":"https:\/\/impactodenoticias.com.ar\/index.php?rest_route=%2Fwp%2Fv2%2Fmedia&parent=4555"}],"wp:term":[{"taxonomy":"category","embeddable":true,"href":"https:\/\/impactodenoticias.com.ar\/index.php?rest_route=%2Fwp%2Fv2%2Fcategories&post=4555"},{"taxonomy":"post_tag","embeddable":true,"href":"https:\/\/impactodenoticias.com.ar\/index.php?rest_route=%2Fwp%2Fv2%2Ftags&post=4555"}],"curies":[{"name":"wp","href":"https:\/\/api.w.org\/{rel}","templated":true}]}}