{"id":4558,"date":"2024-09-24T12:20:07","date_gmt":"2024-09-24T15:20:07","guid":{"rendered":"https:\/\/impactodenoticias.com.ar\/?p=4558"},"modified":"2024-09-27T10:50:25","modified_gmt":"2024-09-27T13:50:25","slug":"upcn-declaro-el-alerta-en-el-area-de-enfermeria-del-hospital-san-martin","status":"publish","type":"post","link":"https:\/\/impactodenoticias.com.ar\/?p=4558","title":{"rendered":"UPCN declar\u00f3 el alerta en el \u00e1rea de Enfermer\u00eda del Hospital San Mart\u00edn"},"content":{"rendered":"\n<p class=\"has-medium-font-size\"><strong>La medida fue dispuesta luego de una reuni\u00f3n que la Uni\u00f3n Personal Civil de la Naci\u00f3n (UPCN) tuvo con delegados del sector, motivada en la falta de respuestas de las autoridades de Salud a diversas problem\u00e1ticas que afectan a los trabajadores.<\/strong><\/p>\n\n\n\n<p>El sector Enfermer\u00eda del Hospital San Mart\u00edn en estado de alerta, reclaman urgentes soluciones para situaciones de vieja data, entre ellas la falta de pago de las funciones jer\u00e1rquicas, por lo cual jefes y subjefes contin\u00faan desempe\u00f1ando esas tareas con la responsabilidad que conllevan, pero sin la retribuci\u00f3n correspondiente.<\/p>\n\n\n\n<p>Destacan adem\u00e1s la desvirtuaci\u00f3n de funciones que provoca la realizaci\u00f3n de tareas de mensajer\u00eda y de traslado de pedidos de farmacia, como as\u00ed tambi\u00e9n de preparar el material para esterilizaci\u00f3n, pese a que existe en el nosocomio una central de esterilizaci\u00f3n.<\/p>\n\n\n\n<p>Otro punto decnunciado es la falta de avances en el proyecto de creaci\u00f3n de una Central de Camilleros, ya que como consecuencia de la falta de camilleros, esa tarea recae sobre los enfermeros.<\/p>\n\n\n\n<p>Adem\u00e1s cuestionan la replanificaci\u00f3n del personal ante la solicitud de partes m\u00e9dicos, y reclaman el pago de los francos adeudados, que ha sido un compromiso expl\u00edcito del propio Ministro de Salud de la provincia.<\/p>\n\n\n\n<p>\u00abTodas estas situaciones han sido planteadas por este Sindicato en numerosas oportunidades y ante diferentes autoridades, sin embargo hasta el momento no se produjo ning\u00fan avance y, por lo tanto, no se han tomado las medidas que se requieren para darles soluci\u00f3n\u00bb, se\u00f1al\u00f3 la Secretaria Adjunta de UPCN, Carina Dom\u00ednguez, y exigi\u00f3 la \u00aburgente resoluci\u00f3n de estas demandas, a fin de evitar que se agudice el descontento de nuestros compa\u00f1eros y se determine la profundizaci\u00f3n de las acciones\u00bb.<\/p>\n\n\n\n<p>\u00abEsta semana tenemos paritarias sectoriales de Salud, que viene muy lenta en relaci\u00f3n a las necesidades de los trabajadores\u00bb, agreg\u00f3 la dirigente gremial y subray\u00f3: \u00abtenemos alguna expectativa de que en ese marco podamos hablar de estos temas\u00bb.<\/p>\n\n\n\n<p>El sindicato precis\u00f3 que el personal del San Mart\u00edn \u00abse encuentra permanentemente sobreexigido\u00bb porque, al ser el hospital m\u00e1s importante de Entre R\u00edos, recibe pacientes de toda la provincia.<\/p>\n\n\n\n<p>Tambi\u00e9n se\u00f1alaron que los trabajadores vienen sufriendo estas condiciones laborales desde antes de la pandemia, cuando la situaci\u00f3n se agrav\u00f3, y pese a ello cumplieron ampliamente con la tarea.<\/p>\n\n\n\n<p>\u00abConsideramos que, como m\u00ednimo, es una muestra de ingratitud que ahora no se de soluci\u00f3n a sus problemas\u00bb, argument\u00f3 el gremio en una nota dirigida a la Directora General de Enfermer\u00eda quien, seg\u00fan trascendi\u00f3, pas\u00f3 varios d\u00edas en un congreso en Brasil mientras en el mayor hospital de la provincia se suscita este conflicto.<\/p>\n\n\n\n<p>\u00abLa actual situaci\u00f3n econ\u00f3mica hace que cada vez m\u00e1s gente concurra al sistema p\u00fablico de salud. Ante esta creciente demanda, y en este contexto, es fundamental que cuidemos a los trabajadores\u00bb, expuso Dom\u00ednguez y destac\u00f3 que la falta de personal \u00abse remonta a los a\u00f1os previos a la pandemia y nunca se le dio soluci\u00f3n\u00bb.<\/p>\n\n\n\n<p>\u00abPese a que el Ministro de Salud es del Hospital San Mart\u00edn, parece desconocer c\u00f3mo es el d\u00eda a d\u00eda de los enfermeros\u00bb, cuestion\u00f3. Y alert\u00f3: \u00abNo estamos dispuestos a permitir ning\u00fan retroceso en sus derechos\u00bb.<\/p>\n\n\n\n<p>No obstante, la Secretaria Adjunta de UPCN aclar\u00f3 que el estado de alerta no implica por el momento la afectaci\u00f3n de servicios. \u00abVamos a ver c\u00f3mo transcurre la medida para definir los pr\u00f3ximos pasos\u00bb, concluy\u00f3.<\/p>\n","protected":false},"excerpt":{"rendered":"<p>La medida fue dispuesta luego de una reuni&oacute;n que la Uni&oacute;n Personal Civil de la Naci&oacute;n (UPCN) tuvo con delegados del sector, motivada en la falta de respuestas de las autoridades de Salud a diversas problem&aacute;ticas que afectan a los trabajadores. El sector Enfermer&iacute;a del Hospital San Mart&iacute;n en estado de alerta, reclaman urgentes soluciones [&hellip;]<\/p>\n","protected":false},"author":2,"featured_media":4559,"comment_status":"open","ping_status":"open","sticky":false,"template":"","format":"standard","meta":{"footnotes":""},"categories":[91,3],"tags":[1613,2078,2079,450],"class_list":["post-4558","post","type-post","status-publish","format-standard","has-post-thumbnail","hentry","category-gremiales","category-locales","tag-alerta","tag-enfermeria","tag-hospital-san-martin","tag-upcn"],"_links":{"self":[{"href":"https:\/\/impactodenoticias.com.ar\/index.php?rest_route=\/wp\/v2\/posts\/4558","targetHints":{"allow":["GET"]}}],"collection":[{"href":"https:\/\/impactodenoticias.com.ar\/index.php?rest_route=\/wp\/v2\/posts"}],"about":[{"href":"https:\/\/impactodenoticias.com.ar\/index.php?rest_route=\/wp\/v2\/types\/post"}],"author":[{"embeddable":true,"href":"https:\/\/impactodenoticias.com.ar\/index.php?rest_route=\/wp\/v2\/users\/2"}],"replies":[{"embeddable":true,"href":"https:\/\/impactodenoticias.com.ar\/index.php?rest_route=%2Fwp%2Fv2%2Fcomments&post=4558"}],"version-history":[{"count":1,"href":"https:\/\/impactodenoticias.com.ar\/index.php?rest_route=\/wp\/v2\/posts\/4558\/revisions"}],"predecessor-version":[{"id":4560,"href":"https:\/\/impactodenoticias.com.ar\/index.php?rest_route=\/wp\/v2\/posts\/4558\/revisions\/4560"}],"wp:featuredmedia":[{"embeddable":true,"href":"https:\/\/impactodenoticias.com.ar\/index.php?rest_route=\/wp\/v2\/media\/4559"}],"wp:attachment":[{"href":"https:\/\/impactodenoticias.com.ar\/index.php?rest_route=%2Fwp%2Fv2%2Fmedia&parent=4558"}],"wp:term":[{"taxonomy":"category","embeddable":true,"href":"https:\/\/impactodenoticias.com.ar\/index.php?rest_route=%2Fwp%2Fv2%2Fcategories&post=4558"},{"taxonomy":"post_tag","embeddable":true,"href":"https:\/\/impactodenoticias.com.ar\/index.php?rest_route=%2Fwp%2Fv2%2Ftags&post=4558"}],"curies":[{"name":"wp","href":"https:\/\/api.w.org\/{rel}","templated":true}]}}