{"id":4561,"date":"2024-09-24T12:24:24","date_gmt":"2024-09-24T15:24:24","guid":{"rendered":"https:\/\/impactodenoticias.com.ar\/?p=4561"},"modified":"2024-09-24T12:24:25","modified_gmt":"2024-09-24T15:24:25","slug":"hoy-continua-en-el-senado-el-debate-sobre-el-rigi-y-el-rini-en-comision","status":"publish","type":"post","link":"https:\/\/impactodenoticias.com.ar\/?p=4561","title":{"rendered":"Hoy contin\u00faa en el Senado el debate sobre el RIGI y el RINI en Comisi\u00f3n"},"content":{"rendered":"\n<h3 class=\"wp-block-heading\">Este martes desde las 10:30, se reunir\u00e1 la Comisi\u00f3n de Presupuesto y Hacienda para abordar la adhesi\u00f3n al R\u00e9gimen de Incentivo para Grandes Inversiones (RIGI) y la creaci\u00f3n del R\u00e9gimen de Incentivo a las Nuevas Inversiones (RINI).<\/h3>\n\n\n\n<p>Ma\u00f1ana martes 24 de septiembre se reunir\u00e1 la Comisi\u00f3n de Presupuesto y Hacienda, presidida por Rub\u00e9n Dal Mol\u00edn (Federaci\u00f3n \u2013 Juntos por Entre R\u00edos), en la sala de comisiones a las 10:30.<\/p>\n\n\n\n<p>La Comisi\u00f3n tratar\u00e1 el expediente N\u00b0 27.257, el proyecto de ley mediante el cual la provincia de Entre R\u00edos adhiere al R\u00e9gimen de Incentivo para Grandes Inversiones (RIGI) y se crea el R\u00e9gimen de Incentivo a las Nuevas Inversiones (RINI).<\/p>\n\n\n\n<p>Invitados por el Senado, estar\u00e1n presentes en calidad de invitados representantes de la Asociaci\u00f3n Argentina de Abogados y Abogadas Ambientalistas, y de la Fundaci\u00f3n CAUCE (Cultura Ambiental &#8211; Causa Ecologista).<\/p>\n","protected":false},"excerpt":{"rendered":"<p>Este martes desde las 10:30, se reunir&aacute; la Comisi&oacute;n de Presupuesto y Hacienda para abordar la adhesi&oacute;n al R&eacute;gimen de Incentivo para Grandes Inversiones (RIGI) y la creaci&oacute;n del R&eacute;gimen de Incentivo a las Nuevas Inversiones (RINI). Ma&ntilde;ana martes 24 de septiembre se reunir&aacute; la Comisi&oacute;n de Presupuesto y Hacienda, presidida por Rub&eacute;n Dal Mol&iacute;n [&hellip;]<\/p>\n","protected":false},"author":2,"featured_media":4562,"comment_status":"open","ping_status":"open","sticky":false,"template":"","format":"standard","meta":{"footnotes":""},"categories":[11,4],"tags":[1153,31,1486,288],"class_list":["post-4561","post","type-post","status-publish","format-standard","has-post-thumbnail","hentry","category-politica","category-provinciales","tag-debate","tag-rigi","tag-rini","tag-senado"],"_links":{"self":[{"href":"https:\/\/impactodenoticias.com.ar\/index.php?rest_route=\/wp\/v2\/posts\/4561","targetHints":{"allow":["GET"]}}],"collection":[{"href":"https:\/\/impactodenoticias.com.ar\/index.php?rest_route=\/wp\/v2\/posts"}],"about":[{"href":"https:\/\/impactodenoticias.com.ar\/index.php?rest_route=\/wp\/v2\/types\/post"}],"author":[{"embeddable":true,"href":"https:\/\/impactodenoticias.com.ar\/index.php?rest_route=\/wp\/v2\/users\/2"}],"replies":[{"embeddable":true,"href":"https:\/\/impactodenoticias.com.ar\/index.php?rest_route=%2Fwp%2Fv2%2Fcomments&post=4561"}],"version-history":[{"count":1,"href":"https:\/\/impactodenoticias.com.ar\/index.php?rest_route=\/wp\/v2\/posts\/4561\/revisions"}],"predecessor-version":[{"id":4563,"href":"https:\/\/impactodenoticias.com.ar\/index.php?rest_route=\/wp\/v2\/posts\/4561\/revisions\/4563"}],"wp:featuredmedia":[{"embeddable":true,"href":"https:\/\/impactodenoticias.com.ar\/index.php?rest_route=\/wp\/v2\/media\/4562"}],"wp:attachment":[{"href":"https:\/\/impactodenoticias.com.ar\/index.php?rest_route=%2Fwp%2Fv2%2Fmedia&parent=4561"}],"wp:term":[{"taxonomy":"category","embeddable":true,"href":"https:\/\/impactodenoticias.com.ar\/index.php?rest_route=%2Fwp%2Fv2%2Fcategories&post=4561"},{"taxonomy":"post_tag","embeddable":true,"href":"https:\/\/impactodenoticias.com.ar\/index.php?rest_route=%2Fwp%2Fv2%2Ftags&post=4561"}],"curies":[{"name":"wp","href":"https:\/\/api.w.org\/{rel}","templated":true}]}}