{"id":4579,"date":"2024-09-24T16:27:00","date_gmt":"2024-09-24T19:27:00","guid":{"rendered":"https:\/\/impactodenoticias.com.ar\/?p=4579"},"modified":"2024-09-27T10:50:06","modified_gmt":"2024-09-27T13:50:06","slug":"el-debate-de-la-reforma-electoral-continuo-en-concordia","status":"publish","type":"post","link":"https:\/\/impactodenoticias.com.ar\/?p=4579","title":{"rendered":"El debate de la reforma electoral continu\u00f3 en Concordia"},"content":{"rendered":"\n<h3 class=\"wp-block-heading\">Por primera vez, comisiones de la C\u00e1mara de Diputados se trasladaron fuera de la ciudad de Paran\u00e1. Fue para continuar con el tratamiento del proyecto que modifica la ley electoral de Entre R\u00edos.<\/h3>\n\n\n\n<p>Las comisiones de Legislaci\u00f3n General y de Asuntos Constitucionales, Juicio Pol\u00edtico y Peticiones, Poderes y Reglamento, que presiden Marcelo L\u00f3pez y Gabriela Lena, respectivamente, continuaron este martes con el tratamiento del proyecto que modifica la ley electoral de la Provincia. En esta ocasi\u00f3n, la reuni\u00f3n se realiz\u00f3 en el Centro de Convenciones de Concordia, en lo que represent\u00f3 la primera vez que comisiones de la C\u00e1mara baja se constituyeron fuera de Paran\u00e1.<\/p>\n\n\n\n<p>El encuentro cont\u00f3 con la participaci\u00f3n del secretario de Comunicaci\u00f3n y Prensa de gobierno de Entre R\u00edos, Sergio Kneeteman; el presidente municipal de la ciudad anfitriona y titular del Foro de Intendentes de Juntos por Entre R\u00edos, Francisco Azcu\u00e9, y su par de Col\u00f3n y de la Liga de Intendentes Vecinalistas, Jos\u00e9 Luis Walser. Por su parte, la intendenta de Paran\u00e1, Rosario Romero, quien preside la Liga de Intendentes Justicialistas, no pudo asistir por compromisos inherentes a su funci\u00f3n, aunque envi\u00f3 una nota en agradecimiento de la invitaci\u00f3n.<\/p>\n\n\n\n<p>\u201cEs la primera vez que la C\u00e1mara sale de Paran\u00e1\u201d, resalt\u00f3 Lena. \u201cCreemos que este proyecto de ley que envi\u00f3 el Ejecutivo necesitaba tener federalismo y Concordia es una ciudad importante y est\u00e1 al norte de la provincia. Es interesante poder dar visibilidad a esta propuesta y escuchar las voces de todos desde la C\u00e1mara de Diputados de la provincia, lo cual no podemos hacer solamente en Paran\u00e1. Es necesario que los legisladores nos movamos a otras localidades y escuchemos a la gente que est\u00e1 en cada lugar de una manera mucho m\u00e1s sencilla\u201d, agreg\u00f3.<\/p>\n\n\n\n<p>Por su parte, L\u00f3pez consider\u00f3: \u201cEn la C\u00e1mara de Diputados tenemos la costumbre de hacer convocatorias amplias para tratar distintos temas. En este punto en particular, que adem\u00e1s tiene trascendencia institucional, tambi\u00e9n se hicieron varias jornadas con la participaci\u00f3n del sector acad\u00e9mico y con la invitaci\u00f3n a todos los partidos pol\u00edticos con personer\u00eda jur\u00eddica y los colegios profesionales. Nosotros, desde la recepci\u00f3n del boceto, hemos actuado de la misma manera, para que podamos escuchar su opini\u00f3n y recepcionar las mejoras que puedan acercar\u201d,<\/p>\n\n\n\n<p>Sobre la continuidad del tratamiento de la reforma electoral, el diputado se\u00f1al\u00f3: \u201cPrevemos hacer reuniones en otras localidades, estamos evaluando La Paz y Gualeguaych\u00fa. Pensamos que este a\u00f1o podr\u00e1 obtener dictamen de comisi\u00f3n y luego sanci\u00f3n en el plenario de la C\u00e1mara para que la iniciativa vaya al Senado. Es un tema que necesita que nosotros la aprobemos con alg\u00fan tiempo prudencial de anticipaci\u00f3n a las elecciones; ya que es un sistema que se va a aplicar en 2027, pero requiere una comunicaci\u00f3n hacia el elector sobre c\u00f3mo tiene que expresar su voluntad y hay que hacerlo con tiempo\u201d.<\/p>\n\n\n\n<p><strong>Financiamiento<\/strong><\/p>\n\n\n\n<p>Kneeteman, por su parte, manifest\u00f3: \u201cEl gobernador nos ha pedido que acompa\u00f1emos a los diputados que est\u00e1n discutiendo una ley que para nosotros es sumamente importante y es uno de los pilares de esta gesti\u00f3n: la reforma electoral con el sistema de votaci\u00f3n por boleta \u00fanica, ya que Entre R\u00edos es la \u00fanica provincia de la Regi\u00f3n Centro que todav\u00eda vota con la boleta s\u00e1bana\u201d.<\/p>\n\n\n\n<p>Adem\u00e1s, se refiri\u00f3 espec\u00edficamente al financiamiento electoral propuesto: \u201cEl gobierno propone financiar las campa\u00f1as durante 15 d\u00edas antes de las PASO y de las generales, con un determinado monto, lo cual se har\u00e1 desde la Secretar\u00eda Electoral, un organismo que se va a crear por la ley. Se implementar\u00e1 mediante publicidad en radios y canales de televisi\u00f3n inscriptos en el Registro de Medios y ser\u00e1 obligatorio para los que est\u00e9n recibiendo pauta provincial\u201d.<\/p>\n\n\n\n<p><strong>Opiniones<\/strong><\/p>\n\n\n\n<p>Durante el debate, Francisco Azcu\u00e9, tras destacar que Concordia haya sido escenario de este acontecimiento hist\u00f3rico, se\u00f1al\u00f3: \u201cLa reforma electoral y de la forma de votaci\u00f3n es elevar la calidad democr\u00e1tica de nuestra provincia, al salir de ciertas pr\u00e1cticas poco transparentes. No podemos condenar a las generaciones venideras a seguir votando de la manera actual o seguir compitiendo en estas condiciones. El debate enriquece este tipo de proyectos, para que tengamos las mejores herramientas\u201d.<\/p>\n\n\n\n<p>Walser, en tanto, sostuvo: \u201cTengo plena confianza de que es el momento de discutir lo importante, para no seguir generando parches. Diez partidos vecinalistas gobiernan ciudades y quer\u00edamos traer la voz de estas comunidades. La boleta \u00fanica es el gran cambio que va a tener Entre R\u00edos y hay otras cuestiones que se han ido incorporando que valoramos\u201d. Plante\u00f3 una modificaci\u00f3n al proyecto, consistente en quitar el tilde que da la opci\u00f3n de votar la boleta completa y pidi\u00f3 m\u00e1s discusi\u00f3n sobre la regulaci\u00f3n de los partidos pol\u00edticos. Luego se inici\u00f3 el intercambio de opiniones entre los presentes.<\/p>\n\n\n\n<p>De la reuni\u00f3n tambi\u00e9n participaron Juli\u00e1n Maneiro, secretario de Asuntos Pol\u00edticos del Ministerio de Gobierno, y Fanny Maidana, directora de Reforma Pol\u00edtica. Asimismo, estuvieron Armando S\u00e1nchez, dirigente de Pol\u00edticas para las Rep\u00fablica; los intendentes Vanina Perini, de Villa del Rosario; Andrea Imoberdorff, de Los Charr\u00faas, y Pedro Val\u00edn, de Estaci\u00f3n Yuquer\u00ed; Magdalena Reta, viceintendenta de Concordia, y concejales de diferentes localidades.<\/p>\n","protected":false},"excerpt":{"rendered":"<p>Por primera vez, comisiones de la C&aacute;mara de Diputados se trasladaron fuera de la ciudad de Paran&aacute;. Fue para continuar con el tratamiento del proyecto que modifica la ley electoral de Entre R&iacute;os. Las comisiones de Legislaci&oacute;n General y de Asuntos Constitucionales, Juicio Pol&iacute;tico y Peticiones, Poderes y Reglamento, que presiden Marcelo L&oacute;pez y Gabriela [&hellip;]<\/p>\n","protected":false},"author":2,"featured_media":4580,"comment_status":"open","ping_status":"open","sticky":false,"template":"","format":"standard","meta":{"footnotes":""},"categories":[11,4],"tags":[1051,72,127,1109,40,779,2063,813,161],"class_list":["post-4579","post","type-post","status-publish","format-standard","has-post-thumbnail","hentry","category-politica","category-provinciales","tag-comisiones","tag-concordia","tag-diputados","tag-electoral","tag-francisco-azcue","tag-gabriela-lena","tag-jose-luis-walser","tag-reforma","tag-rosario-romero"],"_links":{"self":[{"href":"https:\/\/impactodenoticias.com.ar\/index.php?rest_route=\/wp\/v2\/posts\/4579","targetHints":{"allow":["GET"]}}],"collection":[{"href":"https:\/\/impactodenoticias.com.ar\/index.php?rest_route=\/wp\/v2\/posts"}],"about":[{"href":"https:\/\/impactodenoticias.com.ar\/index.php?rest_route=\/wp\/v2\/types\/post"}],"author":[{"embeddable":true,"href":"https:\/\/impactodenoticias.com.ar\/index.php?rest_route=\/wp\/v2\/users\/2"}],"replies":[{"embeddable":true,"href":"https:\/\/impactodenoticias.com.ar\/index.php?rest_route=%2Fwp%2Fv2%2Fcomments&post=4579"}],"version-history":[{"count":1,"href":"https:\/\/impactodenoticias.com.ar\/index.php?rest_route=\/wp\/v2\/posts\/4579\/revisions"}],"predecessor-version":[{"id":4581,"href":"https:\/\/impactodenoticias.com.ar\/index.php?rest_route=\/wp\/v2\/posts\/4579\/revisions\/4581"}],"wp:featuredmedia":[{"embeddable":true,"href":"https:\/\/impactodenoticias.com.ar\/index.php?rest_route=\/wp\/v2\/media\/4580"}],"wp:attachment":[{"href":"https:\/\/impactodenoticias.com.ar\/index.php?rest_route=%2Fwp%2Fv2%2Fmedia&parent=4579"}],"wp:term":[{"taxonomy":"category","embeddable":true,"href":"https:\/\/impactodenoticias.com.ar\/index.php?rest_route=%2Fwp%2Fv2%2Fcategories&post=4579"},{"taxonomy":"post_tag","embeddable":true,"href":"https:\/\/impactodenoticias.com.ar\/index.php?rest_route=%2Fwp%2Fv2%2Ftags&post=4579"}],"curies":[{"name":"wp","href":"https:\/\/api.w.org\/{rel}","templated":true}]}}