{"id":4582,"date":"2024-09-25T09:39:57","date_gmt":"2024-09-25T12:39:57","guid":{"rendered":"https:\/\/impactodenoticias.com.ar\/?p=4582"},"modified":"2024-09-25T09:39:57","modified_gmt":"2024-09-25T12:39:57","slug":"arrestaron-a-dos-malvivientes-de-la-villa-351-por-tratar-de-robar-en-varias-casas-en-parana","status":"publish","type":"post","link":"https:\/\/impactodenoticias.com.ar\/?p=4582","title":{"rendered":"Arrestaron a dos malvivientes de la Villa 351 por tratar de robar en varias casas en Paran\u00e1"},"content":{"rendered":"\n<p class=\"has-medium-font-size\"><strong>Se trata de dos j\u00f3venes delincuentes de 19 y 31 a\u00f1os que fueron detenidos por la Polic\u00eda de Entre R\u00edos. Ambos tienen antecedentes.<\/strong><\/p>\n\n\n\n<p>El personal policial de la Guardia Especial dependiente de la Jefatura Departamental Paran\u00e1 arrest\u00f3 a dos j\u00f3venes malvivientes de la Villa 351 en horas de la noche de este martes.<\/p>\n\n\n\n<p>La Polic\u00eda intervino en calle Escalabrini Ortiz con su intersecci\u00f3n Rep\u00fablica Dominicana, tras llamados que alertaron sobre la presencia de dos sujetos queriendo ingresar a los domicilios.<\/p>\n\n\n\n<p>En el lugar el personal observ\u00f3 este accionar y detuvo a dos sujetos que fueron correctamente identificados, de 19 y 31 a\u00f1os, ambos residentes de la Villa 351 con antecedentes judiciales y policiales.<\/p>\n\n\n\n<p>En comunicaci\u00f3n con el fiscal en turno se dispuso la detenci\u00f3n de ambos y el traslado a Alcald\u00eda de Tribunales por el delito Violaci\u00f3n de Domicilio.<\/p>\n","protected":false},"excerpt":{"rendered":"<p>Se trata de dos j&oacute;venes delincuentes de 19 y 31 a&ntilde;os que fueron detenidos por la Polic&iacute;a de Entre R&iacute;os. Ambos tienen antecedentes. El personal policial de la Guardia Especial dependiente de la Jefatura Departamental Paran&aacute; arrest&oacute; a dos j&oacute;venes malvivientes de la Villa 351 en horas de la noche de este martes. La Polic&iacute;a [&hellip;]<\/p>\n","protected":false},"author":2,"featured_media":4583,"comment_status":"open","ping_status":"open","sticky":false,"template":"","format":"standard","meta":{"footnotes":""},"categories":[3,8],"tags":[1003,2083,95,2084],"class_list":["post-4582","post","type-post","status-publish","format-standard","has-post-thumbnail","hentry","category-locales","category-policiales","tag-detencion","tag-malvivientes","tag-parana","tag-villa-351"],"_links":{"self":[{"href":"https:\/\/impactodenoticias.com.ar\/index.php?rest_route=\/wp\/v2\/posts\/4582","targetHints":{"allow":["GET"]}}],"collection":[{"href":"https:\/\/impactodenoticias.com.ar\/index.php?rest_route=\/wp\/v2\/posts"}],"about":[{"href":"https:\/\/impactodenoticias.com.ar\/index.php?rest_route=\/wp\/v2\/types\/post"}],"author":[{"embeddable":true,"href":"https:\/\/impactodenoticias.com.ar\/index.php?rest_route=\/wp\/v2\/users\/2"}],"replies":[{"embeddable":true,"href":"https:\/\/impactodenoticias.com.ar\/index.php?rest_route=%2Fwp%2Fv2%2Fcomments&post=4582"}],"version-history":[{"count":1,"href":"https:\/\/impactodenoticias.com.ar\/index.php?rest_route=\/wp\/v2\/posts\/4582\/revisions"}],"predecessor-version":[{"id":4584,"href":"https:\/\/impactodenoticias.com.ar\/index.php?rest_route=\/wp\/v2\/posts\/4582\/revisions\/4584"}],"wp:featuredmedia":[{"embeddable":true,"href":"https:\/\/impactodenoticias.com.ar\/index.php?rest_route=\/wp\/v2\/media\/4583"}],"wp:attachment":[{"href":"https:\/\/impactodenoticias.com.ar\/index.php?rest_route=%2Fwp%2Fv2%2Fmedia&parent=4582"}],"wp:term":[{"taxonomy":"category","embeddable":true,"href":"https:\/\/impactodenoticias.com.ar\/index.php?rest_route=%2Fwp%2Fv2%2Fcategories&post=4582"},{"taxonomy":"post_tag","embeddable":true,"href":"https:\/\/impactodenoticias.com.ar\/index.php?rest_route=%2Fwp%2Fv2%2Ftags&post=4582"}],"curies":[{"name":"wp","href":"https:\/\/api.w.org\/{rel}","templated":true}]}}