{"id":4611,"date":"2024-09-25T18:53:06","date_gmt":"2024-09-25T21:53:06","guid":{"rendered":"https:\/\/impactodenoticias.com.ar\/?p=4611"},"modified":"2024-09-27T10:49:40","modified_gmt":"2024-09-27T13:49:40","slug":"conmocion-por-la-muerte-del-nino-de-tres-anos-posible-victima-de-mala-praxis-allanaron-el-consultorio-y-el-domicilio-del-dr-riolo","status":"publish","type":"post","link":"https:\/\/impactodenoticias.com.ar\/?p=4611","title":{"rendered":"Conmoci\u00f3n por la muerte del ni\u00f1o de tres a\u00f1os posible v\u00edctima de mala praxis. Allanaron el consultorio y el domicilio del Dr. Riolo"},"content":{"rendered":"\n<h3 class=\"wp-block-heading\">El ni\u00f1o estaba internado en el Sanatorio del Ni\u00f1o de Paran\u00e1, y el abogado de la familia, Miguel \u00c1ngel Cullen, hab\u00eda confirmado la \u201cmuerte encef\u00e1lica\u201d. Allanaron el consultorio y la casa del doctor Guillermo Riolo.<\/h3>\n\n\n\n<p>En horas de la tarde de este mi\u00e9rcoles, lamentablemente falleci\u00f3 Facundo, el ni\u00f1o de tres a\u00f1os que habr\u00eda sido v\u00edctima de presunta mala praxis durante una cirug\u00eda de am\u00edgdalas y adenoides, realizada por el reconocido otorrinolaring\u00f3logo, Doctor Guillermo Riolo.<\/p>\n\n\n\n<p>El peque\u00f1o hab\u00eda sido trasladado de urgencia desde la Cl\u00ednica del Sol en Bovril, donde se llev\u00f3 a cabo la cirug\u00eda.<\/p>\n\n\n\n<p>En los \u00faltimos d\u00edas proliferaron mensajes y denuncias en las redes sociales por otros hechos de supuesta mala praxis por parte de Riolo.<\/p>\n\n\n\n<p>Al momento de conocerse la tr\u00e1gica noticia de la muerte de Facundo, la Polic\u00eda de Entre R\u00edos llev\u00f3 a cabo un allanamiento en el consultorio m\u00e9dico en Paran\u00e1.<\/p>\n\n\n\n<p>En horas de la tarde, se confirm\u00f3 la triste noticia del fallecimiento de Facundo, el ni\u00f1o de 3 a\u00f1os que hab\u00eda sido operado de am\u00edgdalas y adenoides en Bovril. Se investiga la presunta mala praxis del doctor otorrinolaring\u00f3logo, Guillermo Riolo.<\/p>\n\n\n\n<p><\/p>\n\n\n\n<figure class=\"wp-block-image size-full\"><img loading=\"lazy\" decoding=\"async\" width=\"620\" height=\"382\" src=\"https:\/\/impactodenoticias.com.ar\/wp-content\/uploads\/2024\/09\/scrnli_25_9_2024_18-49-04.png\" alt=\"\" class=\"wp-image-4612\" srcset=\"https:\/\/impactodenoticias.com.ar\/wp-content\/uploads\/2024\/09\/scrnli_25_9_2024_18-49-04.png 620w, https:\/\/impactodenoticias.com.ar\/wp-content\/uploads\/2024\/09\/scrnli_25_9_2024_18-49-04-300x185.png 300w\" sizes=\"auto, (max-width: 620px) 100vw, 620px\" \/><\/figure>\n\n\n\n<p><\/p>\n\n\n\n<p>La Divisi\u00f3n de Delitos Econ\u00f3micos realiz\u00f3 dos allanamientos, en el marco de una causa que investiga la Fiscal Mercedes Nin. Allanaron el domicilio particular y el instituto m\u00e9dico de Riolo en Paran\u00e1. En este \u00faltimo lugar se secuestr\u00f3 documentaci\u00f3n y material inform\u00e1tico. Adem\u00e1s se procedi\u00f3 a la entrega de una historia cl\u00ednica por parte del personal del Sanatorio R\u00edo de la capital entrerriana.<\/p>\n\n\n\n<p>Cabe se\u00f1alar que la familia del ni\u00f1o acudi\u00f3 al profesional, que sugiri\u00f3 hacer la operaci\u00f3n en Bovril por la prepaga del padre. Adem\u00e1s, cobr\u00f3 200 d\u00f3lares, seg\u00fan indic\u00f3 la familia.<\/p>\n\n\n\n<p>Riolo deber\u00e1 afrontar adem\u00e1s un sumario administrativo en su contra por inasistencias injustificadas como jefe del Servicio de Otorrinolaringolog\u00eda en el Hospital San Mart\u00edn.<\/p>\n\n\n\n<p>La investigaci\u00f3n est\u00e1 a cargo de la Fiscal\u00eda de La Paz, jurisdicci\u00f3n a la que corresponde Bovril, donde est\u00e1 ubicada la Cl\u00ednica Del Sol, donde fue operada la v\u00edctima de la presunta mala praxis.<\/p>\n\n\n\n<p>La Fiscal\u00eda dispuso medidas en medio de la investigaci\u00f3n del hecho. Orden\u00f3 el secuestro de la historia cl\u00ednica y recibe el legajo prevencional que lleva adelante la mencionada dependencia policial. Al momento, se busca acreditar todas las intervenciones del m\u00e9dico denunciado, los estudios previos realizados al ni\u00f1o, la intervenci\u00f3n quir\u00fargica y todas las circunstancias que rodearon el hecho.<\/p>\n","protected":false},"excerpt":{"rendered":"<p>El ni&ntilde;o estaba internado en el Sanatorio del Ni&ntilde;o de Paran&aacute;, y el abogado de la familia, Miguel &Aacute;ngel Cullen, hab&iacute;a confirmado la &ldquo;muerte encef&aacute;lica&rdquo;. Allanaron el consultorio y la casa del doctor Guillermo Riolo. En horas de la tarde de este mi&eacute;rcoles, lamentablemente falleci&oacute; Facundo, el ni&ntilde;o de tres a&ntilde;os que habr&iacute;a sido v&iacute;ctima [&hellip;]<\/p>\n","protected":false},"author":2,"featured_media":4613,"comment_status":"open","ping_status":"open","sticky":false,"template":"","format":"standard","meta":{"footnotes":""},"categories":[90,8,4],"tags":[2093,2095,2092,2091,2094,369,503],"class_list":["post-4611","post","type-post","status-publish","format-standard","has-post-thumbnail","hentry","category-judicial","category-policiales","category-provinciales","tag-clinica-del-sol","tag-facundo","tag-guillermo-riolo","tag-mala-praxis","tag-miguel-angel-cullen","tag-muerte","tag-nino"],"_links":{"self":[{"href":"https:\/\/impactodenoticias.com.ar\/index.php?rest_route=\/wp\/v2\/posts\/4611","targetHints":{"allow":["GET"]}}],"collection":[{"href":"https:\/\/impactodenoticias.com.ar\/index.php?rest_route=\/wp\/v2\/posts"}],"about":[{"href":"https:\/\/impactodenoticias.com.ar\/index.php?rest_route=\/wp\/v2\/types\/post"}],"author":[{"embeddable":true,"href":"https:\/\/impactodenoticias.com.ar\/index.php?rest_route=\/wp\/v2\/users\/2"}],"replies":[{"embeddable":true,"href":"https:\/\/impactodenoticias.com.ar\/index.php?rest_route=%2Fwp%2Fv2%2Fcomments&post=4611"}],"version-history":[{"count":1,"href":"https:\/\/impactodenoticias.com.ar\/index.php?rest_route=\/wp\/v2\/posts\/4611\/revisions"}],"predecessor-version":[{"id":4614,"href":"https:\/\/impactodenoticias.com.ar\/index.php?rest_route=\/wp\/v2\/posts\/4611\/revisions\/4614"}],"wp:featuredmedia":[{"embeddable":true,"href":"https:\/\/impactodenoticias.com.ar\/index.php?rest_route=\/wp\/v2\/media\/4613"}],"wp:attachment":[{"href":"https:\/\/impactodenoticias.com.ar\/index.php?rest_route=%2Fwp%2Fv2%2Fmedia&parent=4611"}],"wp:term":[{"taxonomy":"category","embeddable":true,"href":"https:\/\/impactodenoticias.com.ar\/index.php?rest_route=%2Fwp%2Fv2%2Fcategories&post=4611"},{"taxonomy":"post_tag","embeddable":true,"href":"https:\/\/impactodenoticias.com.ar\/index.php?rest_route=%2Fwp%2Fv2%2Ftags&post=4611"}],"curies":[{"name":"wp","href":"https:\/\/api.w.org\/{rel}","templated":true}]}}