{"id":463,"date":"2024-06-27T09:57:51","date_gmt":"2024-06-27T12:57:51","guid":{"rendered":"https:\/\/impactodenoticias.com.ar\/?p=463"},"modified":"2024-06-27T09:57:52","modified_gmt":"2024-06-27T12:57:52","slug":"parana-pesar-por-el-fallecimiento-de-carlos-gonzalez","status":"publish","type":"post","link":"https:\/\/impactodenoticias.com.ar\/?p=463","title":{"rendered":"Paran\u00e1: pesar por el fallecimiento de Carlos Gonz\u00e1lez"},"content":{"rendered":"\n<h3 class=\"wp-block-heading\"><strong>Falleci\u00f3 en horas de la madrugada el conocido dirigente radical Carlos Gonz\u00e1lez.<\/strong><\/h3>\n\n\n\n<p>Gonz\u00e1lez se encontraba internado en grave estado en la Cl\u00ednica Modelo de la ciudad de Paran\u00e1.<\/p>\n\n\n\n<p>Allegados informaron que ser\u00e1 velado en Lamperti, Echague 727, desde las 11 hasta las 16:30.<\/p>\n\n\n\n<h4 class=\"wp-block-heading\">Comunicado de la UCR Paran\u00e1 Comit\u00e9 Capital<\/h4>\n\n\n\n<p><em>Con profundo pesar comunicamos que ha fallecido en la madrugada de hoy el correligionario Carlos Bernardo Gonz\u00e1lez, militante, dirigente del Radicalismo de Paran\u00e1 y la provincia. Ocup\u00f3 diversos cargos de responsabilidad en los gabinetes encabezados por Humberto y Sergio Varisco, fue electo Concejal de la ciudad desempe\u00f1\u00e1ndose con idoneidad y claro sentido radical. Presidi\u00f3 nuestro Comit\u00e9 de la Capital y ocup\u00f3 tambi\u00e9n cargos dentro del Comit\u00e9 Provincial y el Congreso\u00a0partidario. Fue un dirigente abierto al di\u00e1logo, solidario, siempre dispuesto a prestar su colaboraci\u00f3n y aportes a las seccionales del radicalismo. Promotor de la actividad comercial e industrial. Por encima de su dolencia en todo momento particip\u00f3 de la actividad proselitista y grupos t\u00e9cnicos que llevaron al triunfo a Juntos por el Cambio. Que en Paz descanse nuestro querido \u00abFlaco\u00bb<\/em>.<\/p>\n","protected":false},"excerpt":{"rendered":"<p>Falleci&oacute; en horas de la madrugada el conocido dirigente radical Carlos Gonz&aacute;lez. Gonz&aacute;lez se encontraba internado en grave estado en la Cl&iacute;nica Modelo de la ciudad de Paran&aacute;. Allegados informaron que ser&aacute; velado en Lamperti, Echague 727, desde las 11 hasta las 16:30. Comunicado de la UCR Paran&aacute; Comit&eacute; Capital Con profundo pesar comunicamos que [&hellip;]<\/p>\n","protected":false},"author":2,"featured_media":464,"comment_status":"open","ping_status":"open","sticky":false,"template":"","format":"standard","meta":{"footnotes":""},"categories":[3,49],"tags":[123,33,124,95],"class_list":["post-463","post","type-post","status-publish","format-standard","has-post-thumbnail","hentry","category-locales","category-sociedad","tag-carlos-gonzalez","tag-entre-rios","tag-fallecimiento","tag-parana"],"_links":{"self":[{"href":"https:\/\/impactodenoticias.com.ar\/index.php?rest_route=\/wp\/v2\/posts\/463","targetHints":{"allow":["GET"]}}],"collection":[{"href":"https:\/\/impactodenoticias.com.ar\/index.php?rest_route=\/wp\/v2\/posts"}],"about":[{"href":"https:\/\/impactodenoticias.com.ar\/index.php?rest_route=\/wp\/v2\/types\/post"}],"author":[{"embeddable":true,"href":"https:\/\/impactodenoticias.com.ar\/index.php?rest_route=\/wp\/v2\/users\/2"}],"replies":[{"embeddable":true,"href":"https:\/\/impactodenoticias.com.ar\/index.php?rest_route=%2Fwp%2Fv2%2Fcomments&post=463"}],"version-history":[{"count":1,"href":"https:\/\/impactodenoticias.com.ar\/index.php?rest_route=\/wp\/v2\/posts\/463\/revisions"}],"predecessor-version":[{"id":465,"href":"https:\/\/impactodenoticias.com.ar\/index.php?rest_route=\/wp\/v2\/posts\/463\/revisions\/465"}],"wp:featuredmedia":[{"embeddable":true,"href":"https:\/\/impactodenoticias.com.ar\/index.php?rest_route=\/wp\/v2\/media\/464"}],"wp:attachment":[{"href":"https:\/\/impactodenoticias.com.ar\/index.php?rest_route=%2Fwp%2Fv2%2Fmedia&parent=463"}],"wp:term":[{"taxonomy":"category","embeddable":true,"href":"https:\/\/impactodenoticias.com.ar\/index.php?rest_route=%2Fwp%2Fv2%2Fcategories&post=463"},{"taxonomy":"post_tag","embeddable":true,"href":"https:\/\/impactodenoticias.com.ar\/index.php?rest_route=%2Fwp%2Fv2%2Ftags&post=463"}],"curies":[{"name":"wp","href":"https:\/\/api.w.org\/{rel}","templated":true}]}}