{"id":466,"date":"2024-06-27T11:01:31","date_gmt":"2024-06-27T14:01:31","guid":{"rendered":"https:\/\/impactodenoticias.com.ar\/?p=466"},"modified":"2024-06-27T11:13:45","modified_gmt":"2024-06-27T14:13:45","slug":"cruce-entre-giano-y-bahl-por-la-designacion-de-dos-de-sus-hijos-en-la-camara-de-diputados","status":"publish","type":"post","link":"https:\/\/impactodenoticias.com.ar\/?p=466","title":{"rendered":"Cruce entre Giano y Bahl: por la designaci\u00f3n de dos de sus hijos en la C\u00e1mara de Diputados"},"content":{"rendered":"\n<p><strong>\u00c1ngel Giano, desminti\u00f3 los dichos del ex intendente de Paran\u00e1, Ad\u00e1n Bahl, formulados este mi\u00e9rcoles en un programa de TV local, en relaci\u00f3n al nombramiento en la Legislatura de dos de los hijos de quien fuera candidato a gobernador por el justicialismo en las \u00faltimas elecciones.<\/strong><\/p>\n\n\n\n<p>Giano: \u201cDesign\u00e9 a sus hijos a pedido suyo\u201d, dispar\u00f3. \u201cDesign\u00e9 a sus hijos a pedido suyo y me arrepiento\u201d, manifest\u00f3 Giano, en la actualidad se desempe\u00f1a como asesor del exgobernador Gustavo Bordet en su despacho de diputado nacional.<\/p>\n\n\n\n<p>\u201cLa verdad es que a los hijos de Bahl los design\u00e9 en planta permanente a su pedido, me equivoqu\u00e9 y me arrepiento\u201d, asegur\u00f3 Giano tras los dichos del ex candidato a la gobernaci\u00f3n. \u201cNo fueron decretos irregulares pues otros que fueron designados en los mismos quedaron en planta\u201d, apunt\u00f3 el expresidente de la C\u00e1mara de Diputados.<\/p>\n\n\n\n<p>Vale recordar que se trata de los nombramientos en la planta permanente de la Legislatura de los j\u00f3venes Franco Tom\u00e1s y Joaqu\u00edn Emanuel Bahl, hijos del exintendente y de la senadora provincial Claudia Silva (PJ \u2013 Paran\u00e1).<\/p>\n\n\n\n<p>Ambas designaciones fueron dadas de baja al ser encontradas irregulares en el marco de la revisi\u00f3n que dispuso el actual presidente del cuerpo, Gustavo Hein ( Juntos por Entre R\u00edos ). En la entrevista televisiva, Bahl hab\u00eda sostenido, en tres oportunidades, que los nombramientos hab\u00edan sido por iniciativa de Giano.<\/p>\n\n\n\n<p>Bahl: \u201cNo los hice designar\u201d, se\u00f1al\u00f3. \u201cA mis hijos los echaron de la C\u00e1mara de Diputados. Si usted me pregunta si eso estaba bien o estaba mal, yo creo que puede haber una cuota de ingenuidad. Cuando Giano me dice \u2018mir\u00e1, los necesito, los voy a designar\u2019, en ese momento no me pareci\u00f3 algo descabellado ni para nada raro\u201d, indic\u00f3 Bahl.<\/p>\n\n\n\n<p>Luego precis\u00f3: \u201cNo los hice designar. Realmente fue una propuesta de Giano en un contexto donde fueron necesarios\u201d, se\u00f1al\u00f3 y, remarc\u00f3: \u201cFue iniciativa de \u00c1ngel y a todos los elementos que tuvo en cuenta la nueva gesti\u00f3n no los tuvo en cuenta y los echaron\u201d.<\/p>\n","protected":false},"excerpt":{"rendered":"<p>&Aacute;ngel Giano, desminti&oacute; los dichos del ex intendente de Paran&aacute;, Ad&aacute;n Bahl, formulados este mi&eacute;rcoles en un programa de TV local, en relaci&oacute;n al nombramiento en la Legislatura de dos de los hijos de quien fuera candidato a gobernador por el justicialismo en las &uacute;ltimas elecciones. Giano: &ldquo;Design&eacute; a sus hijos a pedido suyo&rdquo;, dispar&oacute;. [&hellip;]<\/p>\n","protected":false},"author":2,"featured_media":467,"comment_status":"open","ping_status":"open","sticky":false,"template":"","format":"standard","meta":{"footnotes":""},"categories":[3,11,4],"tags":[125,126,128,127,33],"class_list":["post-466","post","type-post","status-publish","format-standard","has-post-thumbnail","hentry","category-locales","category-politica","category-provinciales","tag-adan-bahl","tag-angel-giano","tag-cruce","tag-diputados","tag-entre-rios"],"_links":{"self":[{"href":"https:\/\/impactodenoticias.com.ar\/index.php?rest_route=\/wp\/v2\/posts\/466","targetHints":{"allow":["GET"]}}],"collection":[{"href":"https:\/\/impactodenoticias.com.ar\/index.php?rest_route=\/wp\/v2\/posts"}],"about":[{"href":"https:\/\/impactodenoticias.com.ar\/index.php?rest_route=\/wp\/v2\/types\/post"}],"author":[{"embeddable":true,"href":"https:\/\/impactodenoticias.com.ar\/index.php?rest_route=\/wp\/v2\/users\/2"}],"replies":[{"embeddable":true,"href":"https:\/\/impactodenoticias.com.ar\/index.php?rest_route=%2Fwp%2Fv2%2Fcomments&post=466"}],"version-history":[{"count":3,"href":"https:\/\/impactodenoticias.com.ar\/index.php?rest_route=\/wp\/v2\/posts\/466\/revisions"}],"predecessor-version":[{"id":471,"href":"https:\/\/impactodenoticias.com.ar\/index.php?rest_route=\/wp\/v2\/posts\/466\/revisions\/471"}],"wp:featuredmedia":[{"embeddable":true,"href":"https:\/\/impactodenoticias.com.ar\/index.php?rest_route=\/wp\/v2\/media\/467"}],"wp:attachment":[{"href":"https:\/\/impactodenoticias.com.ar\/index.php?rest_route=%2Fwp%2Fv2%2Fmedia&parent=466"}],"wp:term":[{"taxonomy":"category","embeddable":true,"href":"https:\/\/impactodenoticias.com.ar\/index.php?rest_route=%2Fwp%2Fv2%2Fcategories&post=466"},{"taxonomy":"post_tag","embeddable":true,"href":"https:\/\/impactodenoticias.com.ar\/index.php?rest_route=%2Fwp%2Fv2%2Ftags&post=466"}],"curies":[{"name":"wp","href":"https:\/\/api.w.org\/{rel}","templated":true}]}}