{"id":4673,"date":"2024-09-27T09:59:16","date_gmt":"2024-09-27T12:59:16","guid":{"rendered":"https:\/\/impactodenoticias.com.ar\/?p=4673"},"modified":"2024-09-28T10:39:21","modified_gmt":"2024-09-28T13:39:21","slug":"se-implementara-un-servicio-especial-de-traslado-al-autodromo-de-parana-para-asistir-a-la-carrera-de-tc","status":"publish","type":"post","link":"https:\/\/impactodenoticias.com.ar\/?p=4673","title":{"rendered":"Se implementar\u00e1 un servicio especial de traslado al aut\u00f3dromo de Paran\u00e1 para asistir a la carrera de TC"},"content":{"rendered":"\n<p class=\"has-medium-font-size\"><strong>La provincia, a trav\u00e9s de la Secretar\u00eda de Transporte, acord\u00f3 con la empresa de buses ERSA la implementaci\u00f3n de un servicio especial de traslado al Aut\u00f3dromo Ciudad de Paran\u00e1, donde se disputar\u00e1 este fin de semana la carrera de Turismo Carretera (TC).<\/strong><\/p>\n\n\n\n<p>Los colectivos que hacen el servicio metropolitano diariamente saldr\u00e1n desde Casa de Gobierno hacia Colonia Avellaneda desde las 5 de la ma\u00f1ana del s\u00e1bado y el domingo y durante todo el d\u00eda en horarios sucesivos hasta la finalizaci\u00f3n de las competencias.<\/p>\n\n\n\n<p><\/p>\n\n\n\n<figure class=\"wp-block-image size-large\"><img loading=\"lazy\" decoding=\"async\" width=\"1024\" height=\"428\" src=\"https:\/\/impactodenoticias.com.ar\/wp-content\/uploads\/2024\/09\/Trayecto-autodromo-1024x428.jpeg\" alt=\"\" class=\"wp-image-4675\" srcset=\"https:\/\/impactodenoticias.com.ar\/wp-content\/uploads\/2024\/09\/Trayecto-autodromo-1024x428.jpeg 1024w, https:\/\/impactodenoticias.com.ar\/wp-content\/uploads\/2024\/09\/Trayecto-autodromo-300x125.jpeg 300w, https:\/\/impactodenoticias.com.ar\/wp-content\/uploads\/2024\/09\/Trayecto-autodromo-768x321.jpeg 768w, https:\/\/impactodenoticias.com.ar\/wp-content\/uploads\/2024\/09\/Trayecto-autodromo.jpeg 1120w\" sizes=\"auto, (max-width: 1024px) 100vw, 1024px\" \/><\/figure>\n\n\n\n<p><\/p>\n\n\n\n<figure class=\"wp-block-image size-large\"><img loading=\"lazy\" decoding=\"async\" width=\"1024\" height=\"411\" src=\"https:\/\/impactodenoticias.com.ar\/wp-content\/uploads\/2024\/09\/Trayecto-autodromo-2-1024x411.jpeg\" alt=\"\" class=\"wp-image-4676\" srcset=\"https:\/\/impactodenoticias.com.ar\/wp-content\/uploads\/2024\/09\/Trayecto-autodromo-2-1024x411.jpeg 1024w, https:\/\/impactodenoticias.com.ar\/wp-content\/uploads\/2024\/09\/Trayecto-autodromo-2-300x120.jpeg 300w, https:\/\/impactodenoticias.com.ar\/wp-content\/uploads\/2024\/09\/Trayecto-autodromo-2-768x308.jpeg 768w, https:\/\/impactodenoticias.com.ar\/wp-content\/uploads\/2024\/09\/Trayecto-autodromo-2.jpeg 1110w\" sizes=\"auto, (max-width: 1024px) 100vw, 1024px\" \/><\/figure>\n\n\n\n<p><\/p>\n\n\n\n<p>El recorrido en Colonia Avellaneda ser\u00e1 desde Casa de Gobierno hasta Entre R\u00edos y Ruta 12. Y el regreso ser\u00e1 desde Entre R\u00edos y Ruta 12 (Colonia Avellaneda) hacia Casa de Gobierno<\/p>\n\n\n\n<p>El trayecto de ida ser\u00e1 Casa de Gobierno &#8211; Colonia Avellaneda, con paradas en Almafuerte y Zanni; y Ruta 12 y Marizza. El regreso, ser\u00e1 desde Colonia Avellaneda hacia el centro de Paran\u00e1.<\/p>\n\n\n\n<p><strong>Trayectos y horarios<\/strong><\/p>\n\n\n\n<div data-wp-interactive=\"core\/file\" class=\"wp-block-file\"><object data-wp-bind--hidden=\"!state.hasPdfPreview\" hidden class=\"wp-block-file__embed\" data=\"https:\/\/impactodenoticias.com.ar\/wp-content\/uploads\/2024\/09\/Horarios-de-salida-y-regreso.pdf\" type=\"application\/pdf\" style=\"width:100%;height:600px\" aria-label=\"Incrustado de Horarios-de-salida-y-regreso.\"><\/object><a id=\"wp-block-file--media-230b17ed-5d81-4a8a-be88-8e7ff6af723c\" href=\"https:\/\/impactodenoticias.com.ar\/wp-content\/uploads\/2024\/09\/Horarios-de-salida-y-regreso.pdf\">Horarios-de-salida-y-regreso<\/a><a href=\"https:\/\/impactodenoticias.com.ar\/wp-content\/uploads\/2024\/09\/Horarios-de-salida-y-regreso.pdf\" class=\"wp-block-file__button wp-element-button\" download aria-describedby=\"wp-block-file--media-230b17ed-5d81-4a8a-be88-8e7ff6af723c\">Descarga<\/a><\/div>\n","protected":false},"excerpt":{"rendered":"<p>La provincia, a trav&eacute;s de la Secretar&iacute;a de Transporte, acord&oacute; con la empresa de buses ERSA la implementaci&oacute;n de un servicio especial de traslado al Aut&oacute;dromo Ciudad de Paran&aacute;, donde se disputar&aacute; este fin de semana la carrera de Turismo Carretera (TC). Los colectivos que hacen el servicio metropolitano diariamente saldr&aacute;n desde Casa de Gobierno [&hellip;]<\/p>\n","protected":false},"author":2,"featured_media":4677,"comment_status":"open","ping_status":"open","sticky":false,"template":"","format":"standard","meta":{"footnotes":""},"categories":[3,4],"tags":[2112,95,1429,2113,2111],"class_list":["post-4673","post","type-post","status-publish","format-standard","has-post-thumbnail","hentry","category-locales","category-provinciales","tag-carrera","tag-parana","tag-servicio","tag-tc","tag-traslado"],"_links":{"self":[{"href":"https:\/\/impactodenoticias.com.ar\/index.php?rest_route=\/wp\/v2\/posts\/4673","targetHints":{"allow":["GET"]}}],"collection":[{"href":"https:\/\/impactodenoticias.com.ar\/index.php?rest_route=\/wp\/v2\/posts"}],"about":[{"href":"https:\/\/impactodenoticias.com.ar\/index.php?rest_route=\/wp\/v2\/types\/post"}],"author":[{"embeddable":true,"href":"https:\/\/impactodenoticias.com.ar\/index.php?rest_route=\/wp\/v2\/users\/2"}],"replies":[{"embeddable":true,"href":"https:\/\/impactodenoticias.com.ar\/index.php?rest_route=%2Fwp%2Fv2%2Fcomments&post=4673"}],"version-history":[{"count":1,"href":"https:\/\/impactodenoticias.com.ar\/index.php?rest_route=\/wp\/v2\/posts\/4673\/revisions"}],"predecessor-version":[{"id":4678,"href":"https:\/\/impactodenoticias.com.ar\/index.php?rest_route=\/wp\/v2\/posts\/4673\/revisions\/4678"}],"wp:featuredmedia":[{"embeddable":true,"href":"https:\/\/impactodenoticias.com.ar\/index.php?rest_route=\/wp\/v2\/media\/4677"}],"wp:attachment":[{"href":"https:\/\/impactodenoticias.com.ar\/index.php?rest_route=%2Fwp%2Fv2%2Fmedia&parent=4673"}],"wp:term":[{"taxonomy":"category","embeddable":true,"href":"https:\/\/impactodenoticias.com.ar\/index.php?rest_route=%2Fwp%2Fv2%2Fcategories&post=4673"},{"taxonomy":"post_tag","embeddable":true,"href":"https:\/\/impactodenoticias.com.ar\/index.php?rest_route=%2Fwp%2Fv2%2Ftags&post=4673"}],"curies":[{"name":"wp","href":"https:\/\/api.w.org\/{rel}","templated":true}]}}