{"id":4696,"date":"2024-09-27T10:44:06","date_gmt":"2024-09-27T13:44:06","guid":{"rendered":"https:\/\/impactodenoticias.com.ar\/?p=4696"},"modified":"2024-09-27T10:44:07","modified_gmt":"2024-09-27T13:44:07","slug":"ruta-nacional-14-decomisaron-530-kilos-de-filete-de-pescado-y-numerosas-docenas-de-empanadas-de-pescado","status":"publish","type":"post","link":"https:\/\/impactodenoticias.com.ar\/?p=4696","title":{"rendered":"Ruta Nacional 14: decomisaron 530 kilos de filete de pescado y numerosas docenas de empanadas de pescado"},"content":{"rendered":"\n<p class=\"has-medium-font-size\"><strong>Por orden de la Direcci\u00f3n de Recursos Naturales y Fiscalizaci\u00f3n de la provincia, se decomis\u00f3 un total de 530 kilogramos de filete de pescado y 29 docenas de empanadas de pescado al conductor de un veh\u00edculo que no contaba con equipo de fr\u00edo, ni gu\u00eda de removido.<\/strong><\/p>\n\n\n\n<p>Durante un operativo de control vehicular en la Ruta Nacional 14 -kil\u00f3metro 341-, realizado por la Polic\u00eda de Entre R\u00edos, se detuvo la marcha de un veh\u00edculo marca Peugeot modelo Partner que se trasladaba desde Victoria hasta la provincia de Corrientes.<\/p>\n\n\n\n<p>El conductor transportaba 53 paquetes de filete de pescado -de 10 kg cada uno-, alcanzando un total de 530 kg y 29 docenas de empanadas tambi\u00e9n de pescado.<\/p>\n\n\n\n<p>Este tipo de procedimientos -por convenio- se realizan de manera conjunta entre la Polic\u00eda de Entre R\u00edos y la Direcci\u00f3n de Recursos Naturales y Fiscalizaci\u00f3n dependiente de la Secretar\u00eda de Agricultura, Ganader\u00eda y Pesca.<\/p>\n\n\n\n<p>En esta oportunidad, personal policial constat\u00f3 que el conductor del veh\u00edculo carec\u00eda de una gu\u00eda de traslado, no pose\u00eda equipo de fr\u00edo para transportar los alimentos y la habilitaci\u00f3n de transporte no coincid\u00eda con el n\u00famero de carnet impresa en el veh\u00edculo ni con la categor\u00eda, seg\u00fan el tipo de carga.<\/p>\n\n\n\n<p>Por estos motivos, y por orden de la Direcci\u00f3n de Recursos Naturales y Fiscalizaci\u00f3n, se procedi\u00f3 a labrar el acta de estilo -con decomiso del total de la mercader\u00eda- por incumpliemiento a los art\u00edculos de la Ley de Pesca N\u00ba4892 y las disposiciones vigentes.<\/p>\n","protected":false},"excerpt":{"rendered":"<p>Por orden de la Direcci&oacute;n de Recursos Naturales y Fiscalizaci&oacute;n de la provincia, se decomis&oacute; un total de 530 kilogramos de filete de pescado y 29 docenas de empanadas de pescado al conductor de un veh&iacute;culo que no contaba con equipo de fr&iacute;o, ni gu&iacute;a de removido. Durante un operativo de control vehicular en la [&hellip;]<\/p>\n","protected":false},"author":2,"featured_media":4697,"comment_status":"open","ping_status":"open","sticky":false,"template":"","format":"standard","meta":{"footnotes":""},"categories":[8,4],"tags":[2126,1272,828],"class_list":["post-4696","post","type-post","status-publish","format-standard","has-post-thumbnail","hentry","category-policiales","category-provinciales","tag-decomiso","tag-pescado","tag-ruta-14"],"_links":{"self":[{"href":"https:\/\/impactodenoticias.com.ar\/index.php?rest_route=\/wp\/v2\/posts\/4696","targetHints":{"allow":["GET"]}}],"collection":[{"href":"https:\/\/impactodenoticias.com.ar\/index.php?rest_route=\/wp\/v2\/posts"}],"about":[{"href":"https:\/\/impactodenoticias.com.ar\/index.php?rest_route=\/wp\/v2\/types\/post"}],"author":[{"embeddable":true,"href":"https:\/\/impactodenoticias.com.ar\/index.php?rest_route=\/wp\/v2\/users\/2"}],"replies":[{"embeddable":true,"href":"https:\/\/impactodenoticias.com.ar\/index.php?rest_route=%2Fwp%2Fv2%2Fcomments&post=4696"}],"version-history":[{"count":1,"href":"https:\/\/impactodenoticias.com.ar\/index.php?rest_route=\/wp\/v2\/posts\/4696\/revisions"}],"predecessor-version":[{"id":4698,"href":"https:\/\/impactodenoticias.com.ar\/index.php?rest_route=\/wp\/v2\/posts\/4696\/revisions\/4698"}],"wp:featuredmedia":[{"embeddable":true,"href":"https:\/\/impactodenoticias.com.ar\/index.php?rest_route=\/wp\/v2\/media\/4697"}],"wp:attachment":[{"href":"https:\/\/impactodenoticias.com.ar\/index.php?rest_route=%2Fwp%2Fv2%2Fmedia&parent=4696"}],"wp:term":[{"taxonomy":"category","embeddable":true,"href":"https:\/\/impactodenoticias.com.ar\/index.php?rest_route=%2Fwp%2Fv2%2Fcategories&post=4696"},{"taxonomy":"post_tag","embeddable":true,"href":"https:\/\/impactodenoticias.com.ar\/index.php?rest_route=%2Fwp%2Fv2%2Ftags&post=4696"}],"curies":[{"name":"wp","href":"https:\/\/api.w.org\/{rel}","templated":true}]}}