{"id":472,"date":"2024-06-27T12:08:59","date_gmt":"2024-06-27T15:08:59","guid":{"rendered":"https:\/\/impactodenoticias.com.ar\/?p=472"},"modified":"2024-06-27T12:13:49","modified_gmt":"2024-06-27T15:13:49","slug":"abogado-defensor-de-los-policias-acusados-por-la-muerte-de-ariel-goyeneche-cuestiono-un-informe-y-sostiene-la-inocencia-de-sus-defendidos","status":"publish","type":"post","link":"https:\/\/impactodenoticias.com.ar\/?p=472","title":{"rendered":"Abogado defensor de los polic\u00edas sospechados por la muerte de Ariel Goyeneche cuestion\u00f3 un informe y sostiene la inocencia de sus defendidos"},"content":{"rendered":"\n<p><strong>El letrado argument\u00f3 que el informe es contradictorio con los resultados de la autopsia. Ariel Goyeneche, falleci\u00f3 durante un procedimiento policial que se realiz\u00f3 en la madrugada del 12 de febrero.<\/strong><\/p>\n\n\n\n<p>Luego de varias de trabajo, finalmente el mi\u00e9rcoles por la tarde-noche se informaron los resultados del informe anatomopatol\u00f3gico -Diagn\u00f3stico M\u00e9dico-Legal Aut\u00f3psico- para determinar qu\u00e9 caus\u00f3 la asfixia que llev\u00f3 a la muerte a Ariel Goyeheche, que ten\u00eda 38 a\u00f1os la madrugada del 12 de febrero de 2024 cuando en un procedimiento policial de reducci\u00f3n de una persona que se efectiviz\u00f3 en calle Piedrabuena en Paran\u00e1 y finaliz\u00f3, a varias calles de distancia, en la vereda frente a comisar\u00eda segunda, donde finalmente muri\u00f3. Por el hecho hay dos efectivos de la Polic\u00eda de Entre R\u00edos sospechados. El informe determin\u00f3 que \u201cla muerte de Ariel Alejandro Goyeneche, se produjo por una Asfixia mec\u00e1nica por compresi\u00f3n toraco abdominal\u201d.<\/p>\n\n\n\n<p>El defensor de los dos polic\u00edas involucrados, Dami\u00e1n Petenatti, indic\u00f3, tras expresar su respecto y el de sus asistidos a la familia y amigos de la v\u00edctima, que \u201cla autopsia es sumamente cuestionable, y que el fallecimiento no se produjo por acci\u00f3n de sus defendidos\u201d. Para la defensa, la \u201cautopsia fue incompleta e insuficiente, a tal punto que se present\u00f3 existiendo estudios pendientes\u201d y precis\u00f3 que \u201cen los pr\u00f3ximos d\u00edas solicitar\u00e1n distintas medidas de prueba\u201d.<\/p>\n\n\n\n<p>Adem\u00e1s sostuvo que \u201cla conclusi\u00f3n del informe se contrapone con lo que evidenciaron los estudios realizados y con las im\u00e1genes tomadas en la autopsia\u201d y que \u201ctodos los informes existentes hasta el momento han sido profundamente examinados por un forense con aquilatada experiencia\u201d.<\/p>\n\n\n\n<p>Para la defensa, la aseveraci\u00f3n que sostiene que el deceso se produjo por \u201casfixia por compresi\u00f3n no solo no est\u00e1 explicada, sino que se contradice con otras conclusiones del informe\u201d y se\u00f1al\u00f3 que \u201ca trav\u00e9s del informe privado del forense, que no existen las caracter\u00edsticas propias de este tipo de asfixia\u201d.<\/p>\n\n\n\n<p>El informe fue suscripto por la m\u00e9dica forense del Superior Tribunal de Justicia de la provincia, Lilian In\u00e9s Pereyra, quien el 12 de febrero de 2024 a las 13, inform\u00f3 que se constituy\u00f3 \u201cen el Servicio de Tanatolog\u00eda del Centro M\u00e9dico Forense ubicado en Oro Verde, con la colaboraci\u00f3n del t\u00e9cnico eviscerador de Tribunales, Jos\u00e9 Luis Acosta Sciesa, a fin de efectuar la autopsia al cuerpo de quien en vida se llamara Ariel Alejandro Goyeneche, de 38 a\u00f1os de edad, quien falleciera durante su traslado por la fuerza policial perteneciente a Comisar\u00eda 2\u00aa de esta ciudad\u201d.<\/p>\n\n\n\n<p>En el informe se sostiene que el cuerpo present\u00f3 \u201cvasocongesti\u00f3n de v\u00edsceras a nivel pulmonar enfisema traum\u00e1tico y confirmado con el estudio histopatol\u00f3gico\u201d, asimismo describi\u00f3 \u201cun cuadro compatible con asfixia mec\u00e1nica, producida por compresi\u00f3n toraco-abdominal\u201d, a\u00f1adiendo que \u201ca nivel respiratorio se desarrolla una anoxia an\u00f3xica, con disminuci\u00f3n de la concentraci\u00f3n de ox\u00edgeno en la sangre por bloqueo del flujo de aire en la v\u00eda respiratoria\u201d.<\/p>\n\n\n\n<p>Adem\u00e1s agreg\u00f3 que \u201ca modo de s\u00edntesis, la autopsia realizada permite establecer que el deceso se produjo por una asfixia mec\u00e1nica por compresi\u00f3n extr\u00ednseca a nivel toraco abdominal\u201d. El informe encontrar\u00eda asidero en las im\u00e1genes que se viralizaron el mismo d\u00edas del hecho, donde se pudo observar a dos efectivos sobre el cuerpo boca debajo de Goyeneche, que exclamaba que le faltaba el aire.<\/p>\n\n\n\n<p>En aquella l\u00ednea, el examen traumatol\u00f3gico precis\u00f3 a la inspecci\u00f3n del cad\u00e1ver, que present\u00f3 \u201c(en posici\u00f3n anat\u00f3mica): m\u00faltiples lesiones excoriativas y equimotico excoriativas en la superficie corporal, en territorio de piel de rostro, cuero cabelludo, ambos codos, mu\u00f1ecas, ambas rodillas, mal\u00e9olo interno derecho, dorso y cara interna de pie derecho, hemiabdomen inferior (a nivel de ambas crestas il\u00edacas) en tercio distal de ambos antebrazos a nivel de las mu\u00f1ecas, las lesiones ocupan toda la circunferencia del miembro, y reproducen la morfolog\u00eda del elemento productor\u201d.<\/p>\n","protected":false},"excerpt":{"rendered":"<p>El letrado argument&oacute; que el informe es contradictorio con los resultados de la autopsia. Ariel Goyeneche, falleci&oacute; durante un procedimiento policial que se realiz&oacute; en la madrugada del 12 de febrero. Luego de varias de trabajo, finalmente el mi&eacute;rcoles por la tarde-noche se informaron los resultados del informe anatomopatol&oacute;gico -Diagn&oacute;stico M&eacute;dico-Legal Aut&oacute;psico- para determinar qu&eacute; [&hellip;]<\/p>\n","protected":false},"author":2,"featured_media":473,"comment_status":"open","ping_status":"open","sticky":false,"template":"","format":"standard","meta":{"footnotes":""},"categories":[90,3,8],"tags":[129,130,132,95,131],"class_list":["post-472","post","type-post","status-publish","format-standard","has-post-thumbnail","hentry","category-judicial","category-locales","category-policiales","tag-ariel-goyeneche","tag-autopsia","tag-damian-petenatti","tag-parana","tag-policias"],"_links":{"self":[{"href":"https:\/\/impactodenoticias.com.ar\/index.php?rest_route=\/wp\/v2\/posts\/472","targetHints":{"allow":["GET"]}}],"collection":[{"href":"https:\/\/impactodenoticias.com.ar\/index.php?rest_route=\/wp\/v2\/posts"}],"about":[{"href":"https:\/\/impactodenoticias.com.ar\/index.php?rest_route=\/wp\/v2\/types\/post"}],"author":[{"embeddable":true,"href":"https:\/\/impactodenoticias.com.ar\/index.php?rest_route=\/wp\/v2\/users\/2"}],"replies":[{"embeddable":true,"href":"https:\/\/impactodenoticias.com.ar\/index.php?rest_route=%2Fwp%2Fv2%2Fcomments&post=472"}],"version-history":[{"count":2,"href":"https:\/\/impactodenoticias.com.ar\/index.php?rest_route=\/wp\/v2\/posts\/472\/revisions"}],"predecessor-version":[{"id":475,"href":"https:\/\/impactodenoticias.com.ar\/index.php?rest_route=\/wp\/v2\/posts\/472\/revisions\/475"}],"wp:featuredmedia":[{"embeddable":true,"href":"https:\/\/impactodenoticias.com.ar\/index.php?rest_route=\/wp\/v2\/media\/473"}],"wp:attachment":[{"href":"https:\/\/impactodenoticias.com.ar\/index.php?rest_route=%2Fwp%2Fv2%2Fmedia&parent=472"}],"wp:term":[{"taxonomy":"category","embeddable":true,"href":"https:\/\/impactodenoticias.com.ar\/index.php?rest_route=%2Fwp%2Fv2%2Fcategories&post=472"},{"taxonomy":"post_tag","embeddable":true,"href":"https:\/\/impactodenoticias.com.ar\/index.php?rest_route=%2Fwp%2Fv2%2Ftags&post=472"}],"curies":[{"name":"wp","href":"https:\/\/api.w.org\/{rel}","templated":true}]}}