{"id":476,"date":"2024-06-27T12:17:05","date_gmt":"2024-06-27T15:17:05","guid":{"rendered":"https:\/\/impactodenoticias.com.ar\/?p=476"},"modified":"2024-06-27T12:17:06","modified_gmt":"2024-06-27T15:17:06","slug":"concejales-de-juntos-por-entre-rios-quieren-intervenir-la-radio-publica-de-concordia","status":"publish","type":"post","link":"https:\/\/impactodenoticias.com.ar\/?p=476","title":{"rendered":"Concejales de Juntos por Entre R\u00edos quieren intervenir la radio p\u00fablica de Concordia"},"content":{"rendered":"\n<p><strong>En el proyecto se quita la autarqu\u00eda al Ente de Gesti\u00f3n de la Radio P\u00fablica de Concordia y crea una Comisi\u00f3n Administradora, dependiente del Poder Ejecutivo. Adem\u00e1s propone reestructurar toda la programaci\u00f3n y apunta a la venta de espacios de programaci\u00f3n. Reducci\u00f3n de personal y ajustes en la l\u00ednea editorial.<\/strong><\/p>\n\n\n\n<p>Un cuestionado proyecto de ordenanza que ingres\u00f3 este jueves al Concejo Deliberante de Concordia propone cambiar toda la estructura de Radio Ciudadana, la radio p\u00fablica de Concordia. La propuesta fue presentada por el bloque de concejales de Juntos por Entre R\u00edos, con la autor\u00eda, en principio, del concejal Mauricio Rey.<\/p>\n\n\n\n<p>Desde la asunci\u00f3n de Francisco Azcu\u00e9, un sector de la alianza gobernante, espec\u00edficamente enrolados en el PRO, buscan intervenir en la l\u00ednea editorial de la radio. Este jueves, finalmente presentaron un proyecto de ordenanza que ser\u00e1 tratado sobre tablas y cuya aprobaci\u00f3n se descarta porque los concejales libertarios vienen acompa\u00f1ando todos los proyectos del oficialismo de Juntos. En total, el proyecto podr\u00eda cosechar los 9 votos necesarios que conforman la mayor\u00eda. Los 4 concejales del peronismo votar\u00edan en contra.<\/p>\n\n\n\n<p><strong>Los considerandos del proyecto del PRO en Concordia:<\/strong><\/p>\n\n\n\n<p>Es menester adaptar la Radio P\u00fablica a las actuales necesidades y condiciones, en un marco de austeridad y optimizaci\u00f3n de los recursos. Que es conveniente otorgarle la suficiente y real autonom\u00eda de gesti\u00f3n, que garantice la libre expresi\u00f3n y la igualdad de oportunidades, sin perder de vista que debe reflejar la realidad local e informar a la comunidad los actos de gobierno municipal.<\/p>\n\n\n\n<p>Que el Ente de Gesti\u00f3n de la Radio P\u00fablica de Concordia ha concluido un ciclo, prueba de ello es que la misma ha quedado virtualmente diezmada en su funcionamiento.<\/p>\n\n\n\n<p>Que la radio contin\u00faa siendo uno de los medios de comunicaci\u00f3n masiva que cualquier ciudadano tiene a disposici\u00f3n, de manera simple, gratuita y en tiempo real; y que sin embargo en este caso no est\u00e1 siendo usada adecuadamente como medio informativo, y a favor de la difusi\u00f3n de las expresiones culturales y art\u00edsticas locales, de la pr\u00e1ctica deportiva o la promoci\u00f3n de zonas y atractivos tur\u00edsticos, entre otros aspectos.<\/p>\n\n\n\n<p>Que, por ello, se hace necesario la creaci\u00f3n de una COMISI\u00d3N de ADMINISTRACI\u00d3N, que reemplace al actual Ente, y que cumpla la funci\u00f3n principal de administrar, dirigir y promocionar en la pr\u00e1ctica la Radio P\u00fablica de Concordia conforme a la Ley Nacional de Servicios de Comunicaci\u00f3n Audiovisual (N\u00b0 26.522), y sus modificatorias.<\/p>\n\n\n\n<p><strong>En su art\u00edculo primero, la ordenanza plantea lo siguiente:<\/strong><\/p>\n\n\n\n<p>ART\u00cdCULO 1\u00b0.- Creaci\u00f3n. Cr\u00e9ase la C.A.R.P. (COMISI\u00d3N de ADMINISTRACI\u00d3N de la RADIO PUBLICA de Concordia), que reemplazar\u00e1 al Ente de Gesti\u00f3n creado por Ordenanza N\u00b0 35.454, y funcionar\u00e1 como organismo de la Administraci\u00f3n P\u00fablica Municipal, con independencia en su gesti\u00f3n operativa. La CARP tendr\u00e1 a su cargo la administraci\u00f3n de la Radio P\u00fablica de Concordia, entre otras funciones.<\/p>\n\n\n\n<p>El proyecto ser\u00e1 tratado este jueves. A\u00fan no se descarta la posibilidad de que el intendente Azcu\u00e9 vete la ordenanza, de cumplirse los pron\u00f3sticos de sanci\u00f3n. Tambi\u00e9n en la reglamentaci\u00f3n, el Poder Ejecutivo podr\u00eda introducir modificaciones.<\/p>\n","protected":false},"excerpt":{"rendered":"<p>En el proyecto se quita la autarqu&iacute;a al Ente de Gesti&oacute;n de la Radio P&uacute;blica de Concordia y crea una Comisi&oacute;n Administradora, dependiente del Poder Ejecutivo. Adem&aacute;s propone reestructurar toda la programaci&oacute;n y apunta a la venta de espacios de programaci&oacute;n. Reducci&oacute;n de personal y ajustes en la l&iacute;nea editorial. Un cuestionado proyecto de ordenanza [&hellip;]<\/p>\n","protected":false},"author":2,"featured_media":477,"comment_status":"open","ping_status":"open","sticky":false,"template":"","format":"standard","meta":{"footnotes":""},"categories":[11,4],"tags":[134,72,33,40,136,135,133],"class_list":["post-476","post","type-post","status-publish","format-standard","has-post-thumbnail","hentry","category-politica","category-provinciales","tag-concejales","tag-concordia","tag-entre-rios","tag-francisco-azcue","tag-mauricio-rey","tag-pro","tag-radio-ciudadana"],"_links":{"self":[{"href":"https:\/\/impactodenoticias.com.ar\/index.php?rest_route=\/wp\/v2\/posts\/476","targetHints":{"allow":["GET"]}}],"collection":[{"href":"https:\/\/impactodenoticias.com.ar\/index.php?rest_route=\/wp\/v2\/posts"}],"about":[{"href":"https:\/\/impactodenoticias.com.ar\/index.php?rest_route=\/wp\/v2\/types\/post"}],"author":[{"embeddable":true,"href":"https:\/\/impactodenoticias.com.ar\/index.php?rest_route=\/wp\/v2\/users\/2"}],"replies":[{"embeddable":true,"href":"https:\/\/impactodenoticias.com.ar\/index.php?rest_route=%2Fwp%2Fv2%2Fcomments&post=476"}],"version-history":[{"count":1,"href":"https:\/\/impactodenoticias.com.ar\/index.php?rest_route=\/wp\/v2\/posts\/476\/revisions"}],"predecessor-version":[{"id":478,"href":"https:\/\/impactodenoticias.com.ar\/index.php?rest_route=\/wp\/v2\/posts\/476\/revisions\/478"}],"wp:featuredmedia":[{"embeddable":true,"href":"https:\/\/impactodenoticias.com.ar\/index.php?rest_route=\/wp\/v2\/media\/477"}],"wp:attachment":[{"href":"https:\/\/impactodenoticias.com.ar\/index.php?rest_route=%2Fwp%2Fv2%2Fmedia&parent=476"}],"wp:term":[{"taxonomy":"category","embeddable":true,"href":"https:\/\/impactodenoticias.com.ar\/index.php?rest_route=%2Fwp%2Fv2%2Fcategories&post=476"},{"taxonomy":"post_tag","embeddable":true,"href":"https:\/\/impactodenoticias.com.ar\/index.php?rest_route=%2Fwp%2Fv2%2Ftags&post=476"}],"curies":[{"name":"wp","href":"https:\/\/api.w.org\/{rel}","templated":true}]}}