{"id":4788,"date":"2024-09-29T18:08:42","date_gmt":"2024-09-29T21:08:42","guid":{"rendered":"https:\/\/impactodenoticias.com.ar\/?p=4788"},"modified":"2024-10-14T18:25:11","modified_gmt":"2024-10-14T21:25:11","slug":"diego-ciantini-se-alzo-con-el-triunfo-en-la-final-de-tc-en-parana-y-es-candidato","status":"publish","type":"post","link":"https:\/\/impactodenoticias.com.ar\/?p=4788","title":{"rendered":"Diego Ciantini se alz\u00f3 con el triunfo en la final de TC en Paran\u00e1 y es candidato"},"content":{"rendered":"\n<h3 class=\"wp-block-heading\">Con el Chevrolet de Canning Motorsport prevaleci\u00f3 sobre Juli\u00e1n Santero, y ahora lo escolta en la Copa de Oro, su compa\u00f1ero Valent\u00edn Aguirre fue tercero.<\/h3>\n\n\n\n<p>Si bien no logr\u00f3 llegar al podio, Mariano Werner termin\u00f3 5\u00b0 en su casa, en la final de la segunda fecha de la Copa de Oro del TC en Paran\u00e1. El local larg\u00f3 7\u00b0 y avanz\u00f3 dos puestos, y mantuvo atr\u00e1s a Agust\u00edn Canapino durante m\u00e1s de 10 vueltas.<\/p>\n\n\n\n<p>La carrera fue ganada por Diego Ciantini, escoltado por Juli\u00e1n Santero, Valent\u00edn Aguirre y Otto Fritzler. De esta manera el tricampe\u00f3n alcanza los 75,5 puntos en la Copa de Oro, y se ubica tercero.<\/p>\n\n\n\n<p>No solo gan\u00f3 el duelo sino que adem\u00e1s se proyecta como uno de los candidatos al t\u00edtulo de campe\u00f3n de Turismo Carretera. Diego Ciantini logr\u00f3 una victoria fundamental en sus aspiraciones por la corona y a bordo del Chevrolet Camaro de Canning Motorsport, motorizado por Daniel Berra, fue infranqueable en la final disputada en el aut\u00f3dromo del Club de Volantes Entrerrianos de Paran\u00e1, en donde se corri\u00f3 la segunda ronda de la Copa de Oro RUS, superando los 30 mil espectadores.<\/p>\n\n\n\n<p>En cuanto a los dem\u00e1s locales, el \u201cGurisito\u201d, Agust\u00edn Mart\u00ednez, finaliz\u00f3 22\u00b0, mientras que el oriundo de Concepci\u00f3n del Uruguay, Nicol\u00e1s Bonelli, culmin\u00f3 29\u00b0.<\/p>\n\n\n\n<p>Por su parte el Gur\u00ed Omar Mart\u00ednez finaliz\u00f3 en el puesto 40, tras abandonar a falta de 9 vueltas por un problema en su Ford Mustang.<\/p>\n\n\n\n<p><\/p>\n\n\n\n<figure class=\"wp-block-embed is-type-video is-provider-youtube wp-block-embed-youtube wp-embed-aspect-16-9 wp-has-aspect-ratio\"><div class=\"wp-block-embed__wrapper\">\n<iframe loading=\"lazy\" title=\"TC | Ciantini anot\u00f3 su segunda victoria y la primera con el Camaro\" width=\"640\" height=\"360\" src=\"https:\/\/www.youtube.com\/embed\/AgVTlImUigg?feature=oembed\" frameborder=\"0\" allow=\"accelerometer; autoplay; clipboard-write; encrypted-media; gyroscope; picture-in-picture; web-share\" referrerpolicy=\"strict-origin-when-cross-origin\" allowfullscreen><\/iframe>\n<\/div><\/figure>\n","protected":false},"excerpt":{"rendered":"<p>Con el Chevrolet de Canning Motorsport prevaleci&oacute; sobre Juli&aacute;n Santero, y ahora lo escolta en la Copa de Oro, su compa&ntilde;ero Valent&iacute;n Aguirre fue tercero. Si bien no logr&oacute; llegar al podio, Mariano Werner termin&oacute; 5&deg; en su casa, en la final de la segunda fecha de la Copa de Oro del TC en Paran&aacute;. [&hellip;]<\/p>\n","protected":false},"author":2,"featured_media":4789,"comment_status":"open","ping_status":"open","sticky":false,"template":"","format":"standard","meta":{"footnotes":""},"categories":[7,3],"tags":[2162,2164,2163,95,2113],"class_list":["post-4788","post","type-post","status-publish","format-standard","has-post-thumbnail","hentry","category-deportes","category-locales","tag-autodromo-club-de-volantes-entrerrianos","tag-diego-ciantini","tag-mariano-werner","tag-parana","tag-tc"],"_links":{"self":[{"href":"https:\/\/impactodenoticias.com.ar\/index.php?rest_route=\/wp\/v2\/posts\/4788","targetHints":{"allow":["GET"]}}],"collection":[{"href":"https:\/\/impactodenoticias.com.ar\/index.php?rest_route=\/wp\/v2\/posts"}],"about":[{"href":"https:\/\/impactodenoticias.com.ar\/index.php?rest_route=\/wp\/v2\/types\/post"}],"author":[{"embeddable":true,"href":"https:\/\/impactodenoticias.com.ar\/index.php?rest_route=\/wp\/v2\/users\/2"}],"replies":[{"embeddable":true,"href":"https:\/\/impactodenoticias.com.ar\/index.php?rest_route=%2Fwp%2Fv2%2Fcomments&post=4788"}],"version-history":[{"count":1,"href":"https:\/\/impactodenoticias.com.ar\/index.php?rest_route=\/wp\/v2\/posts\/4788\/revisions"}],"predecessor-version":[{"id":4790,"href":"https:\/\/impactodenoticias.com.ar\/index.php?rest_route=\/wp\/v2\/posts\/4788\/revisions\/4790"}],"wp:featuredmedia":[{"embeddable":true,"href":"https:\/\/impactodenoticias.com.ar\/index.php?rest_route=\/wp\/v2\/media\/4789"}],"wp:attachment":[{"href":"https:\/\/impactodenoticias.com.ar\/index.php?rest_route=%2Fwp%2Fv2%2Fmedia&parent=4788"}],"wp:term":[{"taxonomy":"category","embeddable":true,"href":"https:\/\/impactodenoticias.com.ar\/index.php?rest_route=%2Fwp%2Fv2%2Fcategories&post=4788"},{"taxonomy":"post_tag","embeddable":true,"href":"https:\/\/impactodenoticias.com.ar\/index.php?rest_route=%2Fwp%2Fv2%2Ftags&post=4788"}],"curies":[{"name":"wp","href":"https:\/\/api.w.org\/{rel}","templated":true}]}}