{"id":4798,"date":"2024-09-29T19:39:48","date_gmt":"2024-09-29T22:39:48","guid":{"rendered":"https:\/\/impactodenoticias.com.ar\/?p=4798"},"modified":"2024-10-02T10:10:16","modified_gmt":"2024-10-02T13:10:16","slug":"el-regreso-del-turismo-carretera-a-parana-genero-un-gran-movimiento-turistico-y-economico-senalo-rosario-romero","status":"publish","type":"post","link":"https:\/\/impactodenoticias.com.ar\/?p=4798","title":{"rendered":"El regreso del Turismo Carretera a Paran\u00e1 gener\u00f3 un gran movimiento tur\u00edstico y econ\u00f3mico, se\u00f1al\u00f3 Rosario Romero"},"content":{"rendered":"\n<h3 class=\"wp-block-heading\">El Aut\u00f3dromo Ciudad de Paran\u00e1 fue sede nuevamente de la categor\u00eda m\u00e1s importante del automovilismo argentino en el marco de la segunda fecha de la Copa de Oro y la 12\u00aa jornada de la temporada. Se estim\u00f3 la presencia de m\u00e1s de 40 mil personas. En Paran\u00e1 hubo un 100% de ocupaci\u00f3n de establecimientos que ofrecen hospedaje tur\u00edstico.<\/h3>\n\n\n\n<p>La intendenta Rosario Romero estuvo presente este domingo en el Aut\u00f3dromo Ciudad de Paran\u00e1 del Club de Volantes Entrerrianos acompa\u00f1ando el regreso de la categor\u00eda que tuvo como protagonistas al paranaense tres veces campe\u00f3n del TC, Mariano Werner (Ford Mustang), el uruguayense Nicol\u00e1s Bonelli (Chevrolet), el paranaense Agust\u00edn Mart\u00ednez (Toyota Camry) y el talense Omar \u00abGur\u00ed\u00bb Mart\u00ednez (Ford Mustang), que volvi\u00f3 a subirse al auto para despedirse con su p\u00fablico.<\/p>\n\n\n\n<p>\u00abQue el TC haya vuelto a Paran\u00e1 tiene meritos del Municipio, del gobierno provincial y de las autoridades del Club de Volantes que lograron poner a punto y recuperar el circuito. Adem\u00e1s me deja muy contenta por la cantidad de gente que ha llegado a la ciudad para ver esta carrera, turistas que esperamos que regresen a Paran\u00e1\u00bb, sostuvo la intendenta Rosario Romero.<\/p>\n\n\n\n<p><\/p>\n\n\n\n<figure class=\"wp-block-image size-large\"><img loading=\"lazy\" decoding=\"async\" width=\"1024\" height=\"683\" src=\"https:\/\/impactodenoticias.com.ar\/wp-content\/uploads\/2024\/09\/1727641632_2fc33ed60b28941c6f60-1024x683.jpg\" alt=\"\" class=\"wp-image-4799\" srcset=\"https:\/\/impactodenoticias.com.ar\/wp-content\/uploads\/2024\/09\/1727641632_2fc33ed60b28941c6f60-1024x683.jpg 1024w, https:\/\/impactodenoticias.com.ar\/wp-content\/uploads\/2024\/09\/1727641632_2fc33ed60b28941c6f60-300x200.jpg 300w, https:\/\/impactodenoticias.com.ar\/wp-content\/uploads\/2024\/09\/1727641632_2fc33ed60b28941c6f60-768x512.jpg 768w, https:\/\/impactodenoticias.com.ar\/wp-content\/uploads\/2024\/09\/1727641632_2fc33ed60b28941c6f60.jpg 1341w\" sizes=\"auto, (max-width: 1024px) 100vw, 1024px\" \/><\/figure>\n\n\n\n<p><\/p>\n\n\n\n<p>Vale recordar que desde la Municipalidad de Paran\u00e1 se encararon tareas de pintado y demarcaci\u00f3n de todo el circuito. Desde el Club de Volantes Entrerrianos (CVE) se mostraron satisfechos por el regreso del Turismo Carretera en el marco de la segunda fecha de la Copa de Oro 2024.<\/p>\n\n\n\n<p>\u00abEs la coronaci\u00f3n de un trabajo que hizo un grupo muy grande de personas del Club de Volantes con el apoyo de las autoridades. Sabemos de la situaci\u00f3n provincial y municipal, pero cuando fuimos a pedir la colaboraci\u00f3n nos brindaron todo su apoyo y mucho m\u00e1s. Y eso nos da fuerza para seguir peleando, para hacer que este aut\u00f3dromo sea el mejor del pa\u00eds, como fue en su momento\u00bb, manifest\u00f3 Sergio Lifschitz, vice presidente primero del CVE.<\/p>\n\n\n\n<p>Durante el fin de semana, incluido el viernes 27 de septiembre, la capital provincial registr\u00f3 una ocupaci\u00f3n promedio del 100%. En este sentido hubo localidades vecinas como Santa Fe, Villa Urquiza, Diamante entre otras que tambi\u00e9n aumentaron su ocupaci\u00f3n con simpatizantes del Turismo Carretera.<\/p>\n\n\n\n<p>\u00abLa ciudad estuvo con ocupaci\u00f3n plena durante todo el fin de semana, cosa que no suced\u00eda hace varios meses. Sin dudas el TC ha tenido una muy buena repercusi\u00f3n en convocatoria tur\u00edstica y eso se refleja que Paran\u00e1 no ten\u00eda camas hoteleras disponibles. Esto evidencia que el deporte es turismo\u00bb, se\u00f1al\u00f3 el subsecretario de Turismo, Agust\u00edn Clavenzani.<\/p>\n\n\n\n<p>Y agreg\u00f3: \u00abSiempre vamos para adelante en equipo con el prop\u00f3sito de que Paran\u00e1 se potencie, se difunda tur\u00edsticamente. Esto tiene una l\u00f3gica esencial, generar laburo para los paranaenses. Es lo \u00fanico en este momento que nos ocupa y nos va a mantener entretenidos porque es una labor que necesita de lo p\u00fablico, de lo privado y siempre de una estrategia\u00bb.<\/p>\n\n\n\n<p>Por su parte, Marcelo Barsuglia, presidente Asociaci\u00f3n Empresaria Hotelera Gastron\u00f3mica de Paran\u00e1 expres\u00f3: \u00abSe estima que el impacto econ\u00f3mico producido por esta gran cantidad de gente rondar\u00eda los 1.170.000.000 de pesos. Por eso estamos contentos y satisfechos por el trabajo que se ha hecho para recuperar esta fecha del TC. Paran\u00e1 con estos eventos se posiciona en el mapa tur\u00edstico nacional y le hace bien al turismo local. Adem\u00e1s este evento sirve para seguir difundiendonos a nivel nacional. Significa ox\u00edgeno para el sector y estamos dispuestos a seguir trabajando por esta senda. Esto demuestra que Paran\u00e1 tiene caracter\u00edsticas especiales para ser anfitriona de este y otros grandes eventos\u00bb.<\/p>\n","protected":false},"excerpt":{"rendered":"<p>El Aut&oacute;dromo Ciudad de Paran&aacute; fue sede nuevamente de la categor&iacute;a m&aacute;s importante del automovilismo argentino en el marco de la segunda fecha de la Copa de Oro y la 12&ordf; jornada de la temporada. Se estim&oacute; la presencia de m&aacute;s de 40 mil personas. En Paran&aacute; hubo un 100% de ocupaci&oacute;n de establecimientos que [&hellip;]<\/p>\n","protected":false},"author":2,"featured_media":4800,"comment_status":"open","ping_status":"open","sticky":false,"template":"","format":"standard","meta":{"footnotes":""},"categories":[7,3],"tags":[33,2163,95,39,161,1392],"class_list":["post-4798","post","type-post","status-publish","format-standard","has-post-thumbnail","hentry","category-deportes","category-locales","tag-entre-rios","tag-mariano-werner","tag-parana","tag-rogelio-frigerio","tag-rosario-romero","tag-turismo-carretera"],"_links":{"self":[{"href":"https:\/\/impactodenoticias.com.ar\/index.php?rest_route=\/wp\/v2\/posts\/4798","targetHints":{"allow":["GET"]}}],"collection":[{"href":"https:\/\/impactodenoticias.com.ar\/index.php?rest_route=\/wp\/v2\/posts"}],"about":[{"href":"https:\/\/impactodenoticias.com.ar\/index.php?rest_route=\/wp\/v2\/types\/post"}],"author":[{"embeddable":true,"href":"https:\/\/impactodenoticias.com.ar\/index.php?rest_route=\/wp\/v2\/users\/2"}],"replies":[{"embeddable":true,"href":"https:\/\/impactodenoticias.com.ar\/index.php?rest_route=%2Fwp%2Fv2%2Fcomments&post=4798"}],"version-history":[{"count":1,"href":"https:\/\/impactodenoticias.com.ar\/index.php?rest_route=\/wp\/v2\/posts\/4798\/revisions"}],"predecessor-version":[{"id":4801,"href":"https:\/\/impactodenoticias.com.ar\/index.php?rest_route=\/wp\/v2\/posts\/4798\/revisions\/4801"}],"wp:featuredmedia":[{"embeddable":true,"href":"https:\/\/impactodenoticias.com.ar\/index.php?rest_route=\/wp\/v2\/media\/4800"}],"wp:attachment":[{"href":"https:\/\/impactodenoticias.com.ar\/index.php?rest_route=%2Fwp%2Fv2%2Fmedia&parent=4798"}],"wp:term":[{"taxonomy":"category","embeddable":true,"href":"https:\/\/impactodenoticias.com.ar\/index.php?rest_route=%2Fwp%2Fv2%2Fcategories&post=4798"},{"taxonomy":"post_tag","embeddable":true,"href":"https:\/\/impactodenoticias.com.ar\/index.php?rest_route=%2Fwp%2Fv2%2Ftags&post=4798"}],"curies":[{"name":"wp","href":"https:\/\/api.w.org\/{rel}","templated":true}]}}