{"id":4813,"date":"2024-09-30T09:51:22","date_gmt":"2024-09-30T12:51:22","guid":{"rendered":"https:\/\/impactodenoticias.com.ar\/?p=4813"},"modified":"2024-10-01T10:10:45","modified_gmt":"2024-10-01T13:10:45","slug":"comienza-una-semana-de-lucha-por-parte-de-los-docentes-entrerrianos","status":"publish","type":"post","link":"https:\/\/impactodenoticias.com.ar\/?p=4813","title":{"rendered":"Comienza una semana de lucha por parte de los docentes entrerrianos"},"content":{"rendered":"\n<h3 class=\"wp-block-heading\">La semana comienza con tres d\u00edas de paro y marcha a la Casa de Gobierno, Agmer llevar\u00e1 a cabo un paro de actividades durante martes, mi\u00e9rcoles y jueves y se movilizar\u00e1 desde toda la provincia a Paran\u00e1 este 1\u00b0 de octubre.<\/h3>\n\n\n\n<p>El conflicto docente en Entre R\u00edos escala esta semana, tras la decisici\u00f3n del mayor gremio docente de la realizaci\u00f3n de 3 jornadas de paro en la provincia. AGMER llevar\u00e1 a cabo adem\u00e1s una marcha provincial a Casa de Gobierno este martes, en el marco del primer d\u00eda de huelga, la que se extender\u00e1 luego durante mi\u00e9rcoles y jueves. El gremio viene de realizar un paro de 48 horas la semana pasada (jueves 25 y viernes 26).<\/p>\n\n\n\n<p>El gremio mayoritario docente dispuso las medidas de fuerza en el Congreso del jueves 19 de septiembre para exigir al gobierno de Entre R\u00edos una pauta salarial que \u201crepare la p\u00e9rdida de poder adquisitivo de las y los trabajadores de la educaci\u00f3n\u201d. Las resoluciones se tomaron cuando terminaba la conciliaci\u00f3n obligatoria judicial que forz\u00f3 el dictado ininterrumpido de clases en la provincia durante cerca de un mes.<\/p>\n\n\n\n<p>Vale recordar que la semana pasada, el martes, el gobierno de la provincia trat\u00f3 de desactivar las huelgas con el anuncio de un nuevo esquema salarial, en una conferencia de prensa que encabez\u00f3 el propio gobernador Rogelio Frigerio. Tambi\u00e9n abord\u00f3 el tema de la arquitectura que tendr\u00e1 el sueldo docente en la pr\u00f3xima liquidaci\u00f3n, el mandatario indic\u00f3 que se aplicar\u00e1 un mecanismo de \u201cDeclaraci\u00f3n Jurada\u201d para monitorear los d\u00edas efectivamente trabajados por cada agente en las escuelas. \u201cVamos descontar los d\u00edas de paro porque esta discusi\u00f3n no puede tener de rehenes a los alumnos\u201d, se\u00f1al\u00f3 oportunamente Frigerio.<\/p>\n\n\n\n<p>AGMER reaccion\u00f3 ante el anuncio con la ratificaci\u00f3n de las 48 horas de paro de la semana pasada y la denuncia de \u201cpr\u00e1cticas persecutorias\u201d a quienes adhieran a la huelga. \u201cEl gobierno pone tiempos, recursos, dispositivos, energ\u00eda y creatividad no en mejorar los salarios docentes sino en ajustar y perseguir\u201d, argument\u00f3 el gremio en un comunicado.<\/p>\n\n\n\n<p>Por su parte el gobierno provincial confirm\u00f3 este lunes, en v\u00edsperas de las pr\u00f3ximas medidas de fuerza, la creaci\u00f3n del nuevo Fondo Provincial de Incentivo Docente (Fopid) que suplir\u00e1 el monto eliminado por la administraci\u00f3n nacional. De acuerdo a la informaci\u00f3n oficial, un docente con una carga semanal de 20 horas recibir\u00e1 33.200 pesos por este concepto, m\u00e1s 24.800 pesos por Conectividad. Y un maestro que trabaja jornada completa cobrar\u00e1 66.400 m\u00e1s 49.600 pesos por esos \u00edtems. Un total adicional de $116.000.<\/p>\n\n\n\n<p>El decreto del Ejecutivo ratifica adem\u00e1s, los dem\u00e1s componentes de la \u00faltima oferta salarial, que se implementa por decreto del gobernador: un incremento de 2,183% (cada mes) para octubre, noviembre y diciembre; una cl\u00e1usula que ata los sueldos desde octubre hasta diciembre a la inflaci\u00f3n oficial del mes anterior; y otra que ajusta el sueldo m\u00ednimo docente en la provincia por lo menos 10% encima de la canasta b\u00e1sica alimentaria que mide el INDEC.<\/p>\n","protected":false},"excerpt":{"rendered":"<p>La semana comienza con tres d&iacute;as de paro y marcha a la Casa de Gobierno, Agmer llevar&aacute; a cabo un paro de actividades durante martes, mi&eacute;rcoles y jueves y se movilizar&aacute; desde toda la provincia a Paran&aacute; este 1&deg; de octubre. El conflicto docente en Entre R&iacute;os escala esta semana, tras la decisici&oacute;n del mayor [&hellip;]<\/p>\n","protected":false},"author":2,"featured_media":4814,"comment_status":"open","ping_status":"open","sticky":false,"template":"","format":"standard","meta":{"footnotes":""},"categories":[91,11,4],"tags":[52,33,433,2010],"class_list":["post-4813","post","type-post","status-publish","format-standard","has-post-thumbnail","hentry","category-gremiales","category-politica","category-provinciales","tag-agmer","tag-entre-rios","tag-gobierno","tag-paros"],"_links":{"self":[{"href":"https:\/\/impactodenoticias.com.ar\/index.php?rest_route=\/wp\/v2\/posts\/4813","targetHints":{"allow":["GET"]}}],"collection":[{"href":"https:\/\/impactodenoticias.com.ar\/index.php?rest_route=\/wp\/v2\/posts"}],"about":[{"href":"https:\/\/impactodenoticias.com.ar\/index.php?rest_route=\/wp\/v2\/types\/post"}],"author":[{"embeddable":true,"href":"https:\/\/impactodenoticias.com.ar\/index.php?rest_route=\/wp\/v2\/users\/2"}],"replies":[{"embeddable":true,"href":"https:\/\/impactodenoticias.com.ar\/index.php?rest_route=%2Fwp%2Fv2%2Fcomments&post=4813"}],"version-history":[{"count":3,"href":"https:\/\/impactodenoticias.com.ar\/index.php?rest_route=\/wp\/v2\/posts\/4813\/revisions"}],"predecessor-version":[{"id":4817,"href":"https:\/\/impactodenoticias.com.ar\/index.php?rest_route=\/wp\/v2\/posts\/4813\/revisions\/4817"}],"wp:featuredmedia":[{"embeddable":true,"href":"https:\/\/impactodenoticias.com.ar\/index.php?rest_route=\/wp\/v2\/media\/4814"}],"wp:attachment":[{"href":"https:\/\/impactodenoticias.com.ar\/index.php?rest_route=%2Fwp%2Fv2%2Fmedia&parent=4813"}],"wp:term":[{"taxonomy":"category","embeddable":true,"href":"https:\/\/impactodenoticias.com.ar\/index.php?rest_route=%2Fwp%2Fv2%2Fcategories&post=4813"},{"taxonomy":"post_tag","embeddable":true,"href":"https:\/\/impactodenoticias.com.ar\/index.php?rest_route=%2Fwp%2Fv2%2Ftags&post=4813"}],"curies":[{"name":"wp","href":"https:\/\/api.w.org\/{rel}","templated":true}]}}