{"id":4819,"date":"2024-09-30T10:03:29","date_gmt":"2024-09-30T13:03:29","guid":{"rendered":"https:\/\/impactodenoticias.com.ar\/?p=4819"},"modified":"2024-10-01T10:10:40","modified_gmt":"2024-10-01T13:10:40","slug":"hoy-se-festeja-el-dia-del-empleado-de-comercio-y-los-comercios-permaneceran-cerrados","status":"publish","type":"post","link":"https:\/\/impactodenoticias.com.ar\/?p=4819","title":{"rendered":"Hoy se festeja el D\u00eda del Empleado de Comercio y los comercios permanecer\u00e1n cerrados"},"content":{"rendered":"\n<p class=\"has-medium-font-size\"><strong>El Centro Comercial de Paran\u00e1 celebran el D\u00eda del Empleado de Comercio. Los trabajadores que concurran a sus labores, deber\u00e1n percibir el doble de su salario diario.<\/strong><\/p>\n\n\n\n<p>El D\u00eda del Empleado de Comercio se conmemor\u00f3 el 26 de septiembre, sin embargo este a\u00f1o se traslad\u00f3 a hoy lunes que ser\u00e1 no laborable. Por este motivo, desde el Sindicato se brindar\u00e1 un festejo para los afiliados.<\/p>\n\n\n\n<p>Esta jornada es considerada de descanso para el personal y se espera que no haya apertura de los locales, excepto quienes paguen doble o sean abiertos por sus propios due\u00f1os. Esta situaci\u00f3n se da en todo el pa\u00eds.<\/p>\n\n\n\n<p>\u201cAtento a lo ratificado por la Ley 26.541 que ha instituido el 26 de septiembre como el d\u00eda del Empleado de Comercio, la Federaci\u00f3n Argentina de Empleados de Comercio y Servicios y las C\u00e1maras Empresarias de Comercio han acordado, en uso de su autonom\u00eda colectiva, trasladar la conmemoraci\u00f3n del d\u00eda del Empleado de Comercio al lunes 30 de septiembre del corriente a\u00f1o, para que ese d\u00eda los trabajadores tengan su reconocimiento con todos los alcances de la Ley mencionada\u201d, indica la normativa.<\/p>\n\n\n\n<p>En cuanto a las remuneraciones se deben dar cumplimiento a las normas legales vigentes en materia laboral (LCT y concordantes) y con los alcances de la Ley 26.541, disponi\u00e9ndose que el lunes en que se conmemorar\u00e1 el D\u00eda del Empleado de Comercio no se podr\u00e1 otorgar como franco compensatorio de descanso semanal.<\/p>\n","protected":false},"excerpt":{"rendered":"<p>El Centro Comercial de Paran&aacute; celebran el D&iacute;a del Empleado de Comercio. Los trabajadores que concurran a sus labores, deber&aacute;n percibir el doble de su salario diario. El D&iacute;a del Empleado de Comercio se conmemor&oacute; el 26 de septiembre, sin embargo este a&ntilde;o se traslad&oacute; a hoy lunes que ser&aacute; no laborable. Por este motivo, [&hellip;]<\/p>\n","protected":false},"author":2,"featured_media":4820,"comment_status":"open","ping_status":"open","sticky":false,"template":"","format":"standard","meta":{"footnotes":""},"categories":[3,49],"tags":[1588,1589,95],"class_list":["post-4819","post","type-post","status-publish","format-standard","has-post-thumbnail","hentry","category-locales","category-sociedad","tag-dia-del-empleado-de-comercio","tag-festejo","tag-parana"],"_links":{"self":[{"href":"https:\/\/impactodenoticias.com.ar\/index.php?rest_route=\/wp\/v2\/posts\/4819","targetHints":{"allow":["GET"]}}],"collection":[{"href":"https:\/\/impactodenoticias.com.ar\/index.php?rest_route=\/wp\/v2\/posts"}],"about":[{"href":"https:\/\/impactodenoticias.com.ar\/index.php?rest_route=\/wp\/v2\/types\/post"}],"author":[{"embeddable":true,"href":"https:\/\/impactodenoticias.com.ar\/index.php?rest_route=\/wp\/v2\/users\/2"}],"replies":[{"embeddable":true,"href":"https:\/\/impactodenoticias.com.ar\/index.php?rest_route=%2Fwp%2Fv2%2Fcomments&post=4819"}],"version-history":[{"count":1,"href":"https:\/\/impactodenoticias.com.ar\/index.php?rest_route=\/wp\/v2\/posts\/4819\/revisions"}],"predecessor-version":[{"id":4821,"href":"https:\/\/impactodenoticias.com.ar\/index.php?rest_route=\/wp\/v2\/posts\/4819\/revisions\/4821"}],"wp:featuredmedia":[{"embeddable":true,"href":"https:\/\/impactodenoticias.com.ar\/index.php?rest_route=\/wp\/v2\/media\/4820"}],"wp:attachment":[{"href":"https:\/\/impactodenoticias.com.ar\/index.php?rest_route=%2Fwp%2Fv2%2Fmedia&parent=4819"}],"wp:term":[{"taxonomy":"category","embeddable":true,"href":"https:\/\/impactodenoticias.com.ar\/index.php?rest_route=%2Fwp%2Fv2%2Fcategories&post=4819"},{"taxonomy":"post_tag","embeddable":true,"href":"https:\/\/impactodenoticias.com.ar\/index.php?rest_route=%2Fwp%2Fv2%2Ftags&post=4819"}],"curies":[{"name":"wp","href":"https:\/\/api.w.org\/{rel}","templated":true}]}}