{"id":4829,"date":"2024-09-30T10:50:53","date_gmt":"2024-09-30T13:50:53","guid":{"rendered":"https:\/\/impactodenoticias.com.ar\/?p=4829"},"modified":"2024-10-02T10:10:08","modified_gmt":"2024-10-02T13:10:08","slug":"uner-marchara-este-miercoles-en-defensa-de-la-universidad-publica","status":"publish","type":"post","link":"https:\/\/impactodenoticias.com.ar\/?p=4829","title":{"rendered":"UNER marchar\u00e1 este mi\u00e9rcoles en defensa de la universidad p\u00fablica"},"content":{"rendered":"\n<h3 class=\"wp-block-heading\">Por medio de la Resoluci\u00f3n 266\/24, el Consejo Superior de la Universidad Nacional de Entre R\u00edos (UNER) convoc\u00f3 a una movilizaci\u00f3n del 2 de octubre en defensa de la Universidad P\u00fablica y del Sistema Cient\u00edfico Tecnol\u00f3gico Nacional, en cada una de las localidades donde la Universidad tiene sedes.<\/h3>\n\n\n\n<p>El Consejo Superior llev\u00f3 a cabo el viernes pasado la sexta reuni\u00f3n ordinaria del a\u00f1o. La primera parte del plenario fue transmitida en vivo por streaming y cont\u00f3 con la participaci\u00f3n del secretario general de la Asociaci\u00f3n Gremial de Docentes Universitarios (AGDU), Germ\u00e1n Orsini, y del titular de la Asociaci\u00f3n de Personal Nodocente de UNER (Apuner), H\u00e9ctor Coronel, entre otros.<\/p>\n\n\n\n<p>Se ley\u00f3 el Comunicado emitido por el Consejo Interuniversitario Nacional (CIN), con fecha 24 de septiembre, en relaci\u00f3n al financiamiento universitario y la emergencia salarial de sus trabajadores, al cual adhiri\u00f3 por unanimidad.<\/p>\n\n\n\n<p>El \u00f3rgano de cogobierno de la Universidad convoc\u00f3 a la movilizar \u201cen cada una de las localidades donde esta Universidad Nacional tiene sede\u201d y tambi\u00e9n a adherirse a todas las marchas que se llevar\u00e1n adelante \u201ca lo largo y ancho del pa\u00eds\u201d. Y ratific\u00f3 \u201cel estado de asamblea permanente del cuerpo ante la situaci\u00f3n de crisis presupuestaria y salarial provocada por las pol\u00edticas sostenidas desde el gobierno nacional\u201d.<\/p>\n\n\n\n<p>El documento del CIN manifiesta la preocupaci\u00f3n de rectores y rectoras \u201cpor un contexto cada vez m\u00e1s dif\u00edcil, ante la desconsideraci\u00f3n y el hostigamiento que no cesan y frente a la profundizaci\u00f3n del desfinanciamiento y la desjerarquizaci\u00f3n que ponen al l\u00edmite de sus posibilidades al sistema cient\u00edfico y universitario\u201d.<\/p>\n\n\n\n<p>\u201cEsta Universidad y este cuerpo en particular, a trav\u00e9s de numerosas Resoluciones, ha dejado de manifiesto su profunda preocupaci\u00f3n por la situaci\u00f3n presupuestaria que atraviesa el Sistema Universitario P\u00fablico y ha declarado la emergencia salarial de sus trabajadores\u201d, destac\u00f3 el Consejo Superior en la Resoluci\u00f3n 266.<\/p>\n\n\n\n<p>Este lunes a las 11 en la Casa de la UNER, ubicada en calle C\u00f3rdoba 475 de Paran\u00e1, el rector de la UNER Andr\u00e9s Sabella, brindar\u00e1 una conferencia de prensa junto a decanos\/as y equipos de gesti\u00f3n del Rectorado y Facultades, para hablar de la situaci\u00f3n presupuestaria del sistema universitario nacional y el plan de lucha en defensa de la educaci\u00f3n p\u00fablica y gratuita.<\/p>\n","protected":false},"excerpt":{"rendered":"<p>Por medio de la Resoluci&oacute;n 266\/24, el Consejo Superior de la Universidad Nacional de Entre R&iacute;os (UNER) convoc&oacute; a una movilizaci&oacute;n del 2 de octubre en defensa de la Universidad P&uacute;blica y del Sistema Cient&iacute;fico Tecnol&oacute;gico Nacional, en cada una de las localidades donde la Universidad tiene sedes. El Consejo Superior llev&oacute; a cabo el [&hellip;]<\/p>\n","protected":false},"author":2,"featured_media":4830,"comment_status":"open","ping_status":"open","sticky":false,"template":"","format":"standard","meta":{"footnotes":""},"categories":[11,4],"tags":[1120,1901,2177,2179,2178,98,753],"class_list":["post-4829","post","type-post","status-publish","format-standard","has-post-thumbnail","hentry","category-politica","category-provinciales","tag-agdu","tag-andres-sabella","tag-apuner","tag-cin","tag-hector-coronel","tag-movilizacion","tag-uner"],"_links":{"self":[{"href":"https:\/\/impactodenoticias.com.ar\/index.php?rest_route=\/wp\/v2\/posts\/4829","targetHints":{"allow":["GET"]}}],"collection":[{"href":"https:\/\/impactodenoticias.com.ar\/index.php?rest_route=\/wp\/v2\/posts"}],"about":[{"href":"https:\/\/impactodenoticias.com.ar\/index.php?rest_route=\/wp\/v2\/types\/post"}],"author":[{"embeddable":true,"href":"https:\/\/impactodenoticias.com.ar\/index.php?rest_route=\/wp\/v2\/users\/2"}],"replies":[{"embeddable":true,"href":"https:\/\/impactodenoticias.com.ar\/index.php?rest_route=%2Fwp%2Fv2%2Fcomments&post=4829"}],"version-history":[{"count":1,"href":"https:\/\/impactodenoticias.com.ar\/index.php?rest_route=\/wp\/v2\/posts\/4829\/revisions"}],"predecessor-version":[{"id":4831,"href":"https:\/\/impactodenoticias.com.ar\/index.php?rest_route=\/wp\/v2\/posts\/4829\/revisions\/4831"}],"wp:featuredmedia":[{"embeddable":true,"href":"https:\/\/impactodenoticias.com.ar\/index.php?rest_route=\/wp\/v2\/media\/4830"}],"wp:attachment":[{"href":"https:\/\/impactodenoticias.com.ar\/index.php?rest_route=%2Fwp%2Fv2%2Fmedia&parent=4829"}],"wp:term":[{"taxonomy":"category","embeddable":true,"href":"https:\/\/impactodenoticias.com.ar\/index.php?rest_route=%2Fwp%2Fv2%2Fcategories&post=4829"},{"taxonomy":"post_tag","embeddable":true,"href":"https:\/\/impactodenoticias.com.ar\/index.php?rest_route=%2Fwp%2Fv2%2Ftags&post=4829"}],"curies":[{"name":"wp","href":"https:\/\/api.w.org\/{rel}","templated":true}]}}