{"id":4840,"date":"2024-09-30T17:32:39","date_gmt":"2024-09-30T20:32:39","guid":{"rendered":"https:\/\/impactodenoticias.com.ar\/?p=4840"},"modified":"2024-10-01T10:10:24","modified_gmt":"2024-10-01T13:10:24","slug":"rio-parana-buscan-intensamente-a-un-joven-que-desaparecio-en-una-zona-de-islas-en-jurisdiccion-de-entre-rios","status":"publish","type":"post","link":"https:\/\/impactodenoticias.com.ar\/?p=4840","title":{"rendered":"R\u00edo Paran\u00e1: buscan intensamente a un joven que desapareci\u00f3 en una zona de islas en jurisdicci\u00f3n de Entre R\u00edos"},"content":{"rendered":"\n<h3 class=\"wp-block-heading\">El domingo, Mat\u00edas Flores se estaba refrescando con amigos \u201ccon el agua hasta las rodillas\u201d cuando fue visto por \u00faltima vez.<\/h3>\n\n\n\n<p>Un joven es buscado en la zona de islas entrerrianas tras desaparecer este domingo mientras se ba\u00f1aba con amigos en el r\u00edo Paran\u00e1. Prefectura y Polic\u00eda de Entre R\u00edos realizaban rastrillajes por la zona ubicada frente a La Florida de Rosario.<\/p>\n\n\n\n<p>En el marco de la fuerte bajante del r\u00edo, Mat\u00edas Flores, de 26 a\u00f1os, concurri\u00f3 ayer a Isla Verde a un cumplea\u00f1os. Seg\u00fan relat\u00f3 su cu\u00f1ado a El Tres, estaba metido en el agua hasta la rodilla cuando fue visto por \u00faltima vez.<\/p>\n\n\n\n<p>\u201cUn amigo que estaba con \u00e9l cont\u00f3 que estaban a dos metros de la orilla cuando siente un manotazo y ya estaba hundido en el agua. Se tir\u00f3 un chico que dijo que estaba estudiando para ser buzo pero cuando se meti\u00f3 no ten\u00eda piso y no lo vieron salir a flote\u201d, indic\u00f3.<\/p>\n\n\n\n<p>Seg\u00fan lo se\u00f1alado por los amigos, otro chico del grupo, tambi\u00e9n fue \u201cchupado\u201d por la arena pero logr\u00f3 agarrarse y no hundirse. Mat\u00edas no sabe nadar y desde entonces es buscado intensamente por su familia que contrat\u00f3 lanchas privadas para acelerar la tarea.<\/p>\n\n\n\n<p>\u201cPrefectura de Rosario nos dice que la jurisdicci\u00f3n es de Entre R\u00edos, que ellos solo tienen una lancha y est\u00e1 rota\u201d, apunt\u00f3 el cu\u00f1ado del muchacho. \u201cQueremos pedir que si alguien lo vio que nos d\u00e9 el dato, no tenemos novedades y la Fiscal\u00eda de Entre R\u00edos sabe menos que nosotros\u201d, pidi\u00f3.<\/p>\n","protected":false},"excerpt":{"rendered":"<p>El domingo, Mat&iacute;as Flores se estaba refrescando con amigos &ldquo;con el agua hasta las rodillas&rdquo; cuando fue visto por &uacute;ltima vez. Un joven es buscado en la zona de islas entrerrianas tras desaparecer este domingo mientras se ba&ntilde;aba con amigos en el r&iacute;o Paran&aacute;. Prefectura y Polic&iacute;a de Entre R&iacute;os realizaban rastrillajes por la zona [&hellip;]<\/p>\n","protected":false},"author":2,"featured_media":4841,"comment_status":"open","ping_status":"open","sticky":false,"template":"","format":"standard","meta":{"footnotes":""},"categories":[8,4],"tags":[251,2191,2190,2189,397],"class_list":["post-4840","post","type-post","status-publish","format-standard","has-post-thumbnail","hentry","category-policiales","category-provinciales","tag-busqueda","tag-isla-verde","tag-la-florida","tag-matias-flores","tag-rio-parana"],"_links":{"self":[{"href":"https:\/\/impactodenoticias.com.ar\/index.php?rest_route=\/wp\/v2\/posts\/4840","targetHints":{"allow":["GET"]}}],"collection":[{"href":"https:\/\/impactodenoticias.com.ar\/index.php?rest_route=\/wp\/v2\/posts"}],"about":[{"href":"https:\/\/impactodenoticias.com.ar\/index.php?rest_route=\/wp\/v2\/types\/post"}],"author":[{"embeddable":true,"href":"https:\/\/impactodenoticias.com.ar\/index.php?rest_route=\/wp\/v2\/users\/2"}],"replies":[{"embeddable":true,"href":"https:\/\/impactodenoticias.com.ar\/index.php?rest_route=%2Fwp%2Fv2%2Fcomments&post=4840"}],"version-history":[{"count":1,"href":"https:\/\/impactodenoticias.com.ar\/index.php?rest_route=\/wp\/v2\/posts\/4840\/revisions"}],"predecessor-version":[{"id":4842,"href":"https:\/\/impactodenoticias.com.ar\/index.php?rest_route=\/wp\/v2\/posts\/4840\/revisions\/4842"}],"wp:featuredmedia":[{"embeddable":true,"href":"https:\/\/impactodenoticias.com.ar\/index.php?rest_route=\/wp\/v2\/media\/4841"}],"wp:attachment":[{"href":"https:\/\/impactodenoticias.com.ar\/index.php?rest_route=%2Fwp%2Fv2%2Fmedia&parent=4840"}],"wp:term":[{"taxonomy":"category","embeddable":true,"href":"https:\/\/impactodenoticias.com.ar\/index.php?rest_route=%2Fwp%2Fv2%2Fcategories&post=4840"},{"taxonomy":"post_tag","embeddable":true,"href":"https:\/\/impactodenoticias.com.ar\/index.php?rest_route=%2Fwp%2Fv2%2Ftags&post=4840"}],"curies":[{"name":"wp","href":"https:\/\/api.w.org\/{rel}","templated":true}]}}