{"id":4844,"date":"2024-09-30T17:43:16","date_gmt":"2024-09-30T20:43:16","guid":{"rendered":"https:\/\/impactodenoticias.com.ar\/?p=4844"},"modified":"2024-10-01T10:10:20","modified_gmt":"2024-10-01T13:10:20","slug":"muerte-de-valentina-diaz-condenaron-a-ferrari-a-3-anos-y-8-meses-de-carcel","status":"publish","type":"post","link":"https:\/\/impactodenoticias.com.ar\/?p=4844","title":{"rendered":"Muerte de Valentina D\u00edaz: condenaron a Ferrari a 3 a\u00f1os y 8 meses de c\u00e1rcel"},"content":{"rendered":"\n<p class=\"has-medium-font-size\"><strong>La Justicia de Gualeguaych\u00fa dispuso una pena de 3 a\u00f1os y 8 meses de prisi\u00f3n efectiva para Demi\u00e1n Ferrari, joven de 19 a\u00f1os procesado por la muerte de Valentina D\u00edaz en un siniestro vial el 5 de agosto de 2023, en la zona del Aut\u00f3dromo de Gualeguaych\u00fa.<\/strong><\/p>\n\n\n\n<p>La medida fue dispuesta este lunes por el juez de Garant\u00edas, Arturo Dum\u00f3n.El magistrado estableci\u00f3 tambi\u00e9n una inhabilitaci\u00f3n especial para conducir para el imputado, por un plazo de seis a\u00f1os.<\/p>\n\n\n\n<p>La fiscal Martina Cedr\u00e9s, al igual que los abogados de la familia, Edelmiro Pauletti y Mart\u00edn Britos, hab\u00edan pedido una condena de 6 a\u00f1os.<\/p>\n\n\n\n<p>D\u00edaz falleci\u00f3 como consecuencia del fatal accidente, que tuvo lugar frente al cors\u00f3dromo de la ciudad. Ferrari manejaba alcoholizado y por eso fue acusado de \u201chomicidio culposo agravado\u201d y de \u201cprivaci\u00f3n ileg\u00edtima de la libertad\u201d, dado que se prob\u00f3 que la chica se hab\u00eda querido bajar del veh\u00edculo poco antes del brutal accidente vial.<\/p>\n","protected":false},"excerpt":{"rendered":"<p>La Justicia de Gualeguaych&uacute; dispuso una pena de 3 a&ntilde;os y 8 meses de prisi&oacute;n efectiva para Demi&aacute;n Ferrari, joven de 19 a&ntilde;os procesado por la muerte de Valentina D&iacute;az en un siniestro vial el 5 de agosto de 2023, en la zona del Aut&oacute;dromo de Gualeguaych&uacute;. La medida fue dispuesta este lunes por el [&hellip;]<\/p>\n","protected":false},"author":2,"featured_media":4845,"comment_status":"open","ping_status":"open","sticky":false,"template":"","format":"standard","meta":{"footnotes":""},"categories":[90,4],"tags":[1198,1955,280,369,1954],"class_list":["post-4844","post","type-post","status-publish","format-standard","has-post-thumbnail","hentry","category-judicial","category-provinciales","tag-carcel","tag-demian-ferrari","tag-gualeguaychu","tag-muerte","tag-valentina-diaz"],"_links":{"self":[{"href":"https:\/\/impactodenoticias.com.ar\/index.php?rest_route=\/wp\/v2\/posts\/4844","targetHints":{"allow":["GET"]}}],"collection":[{"href":"https:\/\/impactodenoticias.com.ar\/index.php?rest_route=\/wp\/v2\/posts"}],"about":[{"href":"https:\/\/impactodenoticias.com.ar\/index.php?rest_route=\/wp\/v2\/types\/post"}],"author":[{"embeddable":true,"href":"https:\/\/impactodenoticias.com.ar\/index.php?rest_route=\/wp\/v2\/users\/2"}],"replies":[{"embeddable":true,"href":"https:\/\/impactodenoticias.com.ar\/index.php?rest_route=%2Fwp%2Fv2%2Fcomments&post=4844"}],"version-history":[{"count":1,"href":"https:\/\/impactodenoticias.com.ar\/index.php?rest_route=\/wp\/v2\/posts\/4844\/revisions"}],"predecessor-version":[{"id":4846,"href":"https:\/\/impactodenoticias.com.ar\/index.php?rest_route=\/wp\/v2\/posts\/4844\/revisions\/4846"}],"wp:featuredmedia":[{"embeddable":true,"href":"https:\/\/impactodenoticias.com.ar\/index.php?rest_route=\/wp\/v2\/media\/4845"}],"wp:attachment":[{"href":"https:\/\/impactodenoticias.com.ar\/index.php?rest_route=%2Fwp%2Fv2%2Fmedia&parent=4844"}],"wp:term":[{"taxonomy":"category","embeddable":true,"href":"https:\/\/impactodenoticias.com.ar\/index.php?rest_route=%2Fwp%2Fv2%2Fcategories&post=4844"},{"taxonomy":"post_tag","embeddable":true,"href":"https:\/\/impactodenoticias.com.ar\/index.php?rest_route=%2Fwp%2Fv2%2Ftags&post=4844"}],"curies":[{"name":"wp","href":"https:\/\/api.w.org\/{rel}","templated":true}]}}