{"id":486,"date":"2024-06-27T15:34:55","date_gmt":"2024-06-27T18:34:55","guid":{"rendered":"https:\/\/impactodenoticias.com.ar\/?p=486"},"modified":"2024-06-27T15:34:56","modified_gmt":"2024-06-27T18:34:56","slug":"reggiardo-denuncio-penalmente-al-procurador-garcia","status":"publish","type":"post","link":"https:\/\/impactodenoticias.com.ar\/?p=486","title":{"rendered":"Reggiardo denunci\u00f3 penalmente al Procurador Garc\u00eda"},"content":{"rendered":"\n<h3 class=\"wp-block-heading\">El abogado Carlos G. Reggiardo acus\u00f3 a Jorge Amilcar Luciano Garc\u00eda, por haber designado un fiscal auxiliar en 2020 sin respetar el requisito de tener dos a\u00f1os de ejercicio. La denuncia penal.<\/h3>\n\n\n\n<p>Reggiardo acusa a Garc\u00eda por haber designado un fiscal auxiliar en 2020 sin respetar el requisito de tener dos a\u00f1os de ejercicio. El detalle de la presentaci\u00f3n penal.<\/p>\n\n\n\n<p>La denuncia contra Garc\u00eda se debe a que este, habr\u00eda incumplido con la Ley N\u00b0 10.047 Org\u00e1nica del Ministerio P\u00fablico al haber designado como fiscal auxiliar al abogado Facundo Etienot en 2020 sin haber respetado el requisito sine qua non de tener dos a\u00f1os de ejercicio en la profesi\u00f3n o en funciones judiciales.<\/p>\n\n\n\n<p>Explica Reggiardo en su presentaci\u00f3n judicial que si bien el art\u00edculo 34 de la Ley N\u00b0 10.047 \u00abprevi\u00f3 la facultad de autorizar a los abogados que integren el personal de las Unidades Fiscales a intervenir como fiscales auxiliares por un plazo determinado y renovable, tambi\u00e9n inexorablemente deben cumplir los requisitos\u00bb que establece el art\u00edculo 12 de esa norma que fija.<\/p>\n\n\n\n<p><\/p>\n\n\n\n<div data-wp-interactive=\"core\/file\" class=\"wp-block-file\"><object data-wp-bind--hidden=\"!state.hasPdfPreview\" hidden class=\"wp-block-file__embed\" data=\"https:\/\/impactodenoticias.com.ar\/wp-content\/uploads\/2024\/06\/FORMULA_DENUNCIA_PENAL_CONTRA_EL_PROCURADOR_JORGE_AMILCAR_LUCIANO_GARCIA_Y_FACUNDO_ETIENOT.pdf\" type=\"application\/pdf\" style=\"width:100%;height:600px\" aria-label=\"Incrustado de FORMULA_DENUNCIA_PENAL_CONTRA_EL_PROCURADOR_JORGE_AMILCAR_LUCIANO_GARCIA_Y_FACUNDO_ETIENOT.\"><\/object><a id=\"wp-block-file--media-45e74a32-d54d-405f-9ad3-ddd7cf8083cf\" href=\"https:\/\/impactodenoticias.com.ar\/wp-content\/uploads\/2024\/06\/FORMULA_DENUNCIA_PENAL_CONTRA_EL_PROCURADOR_JORGE_AMILCAR_LUCIANO_GARCIA_Y_FACUNDO_ETIENOT.pdf\">FORMULA_DENUNCIA_PENAL_CONTRA_EL_PROCURADOR_JORGE_AMILCAR_LUCIANO_GARCIA_Y_FACUNDO_ETIENOT<\/a><a href=\"https:\/\/impactodenoticias.com.ar\/wp-content\/uploads\/2024\/06\/FORMULA_DENUNCIA_PENAL_CONTRA_EL_PROCURADOR_JORGE_AMILCAR_LUCIANO_GARCIA_Y_FACUNDO_ETIENOT.pdf\" class=\"wp-block-file__button wp-element-button\" download aria-describedby=\"wp-block-file--media-45e74a32-d54d-405f-9ad3-ddd7cf8083cf\">Descarga<\/a><\/div>\n\n\n\n<p><\/p>\n\n\n\n<p><strong>La denuncia de Reggiardo<\/strong><\/p>\n\n\n\n<p>\u201cPara ser Agentes Fiscales, Defensores P\u00fablicos o Fiscales y Defensores Auxiliares deben reunirse las siguientes exigencias: ser ciudadano argentino, tener veinticinco a\u00f1os de edad, poseer t\u00edtulo de abogado y dos a\u00f1os en el ejercicio de la profesi\u00f3n o en funciones judiciales\u201d, indica.<\/p>\n\n\n\n<p>La presentaci\u00f3n indica que a trav\u00e9s de la disposici\u00f3n N\u00b0 4 dictada por la Procuraci\u00f3n General el 31 de julio de 2020 se design\u00f3 al abogado Facundo Etienot como fiscal auxiliar transitorio de la Unidad Fiscal de Paran\u00e1, \u00abdesde la notificaci\u00f3n y hasta el 31 de diciembre del 2020\u00bb.<\/p>\n\n\n\n<p>Y destaca que: \u00abLa Ley Org\u00e1nica del Ministerio P\u00fablico, exige dos a\u00f1os con el t\u00edtulo ejerciendo funci\u00f3n judicial o la profesi\u00f3n, hecho f\u00e1ctico y formal que no se corresponde en esta oportunidad haciendo una simple suma. En otras palabras, le faltaba a Facundo Etienot 4 meses para cumplir con uno de los requisitos formales\u00bb.<\/p>\n\n\n\n<p>\u00abEste hecho encuadra en el delito de usurpaci\u00f3n de autoridad, t\u00edtulos u honores previsto en el art\u00edculo 246 que dice: \u00b4Ser\u00e1 reprimido con prisi\u00f3n de un mes a un a\u00f1o e inhabilitaci\u00f3n especial por doble tiempo: 1-El que asumiere o ejerciere funciones p\u00fablicas, sin t\u00edtulo o nombramiento expedido por autoridad competente\u00bb, agrega.<\/p>\n\n\n\n<p><\/p>\n\n\n\n<figure class=\"wp-block-image size-large\"><img loading=\"lazy\" decoding=\"async\" width=\"1024\" height=\"576\" src=\"https:\/\/impactodenoticias.com.ar\/wp-content\/uploads\/2024\/06\/procurador-1024x576.webp\" alt=\"\" class=\"wp-image-488\" srcset=\"https:\/\/impactodenoticias.com.ar\/wp-content\/uploads\/2024\/06\/procurador-1024x576.webp 1024w, https:\/\/impactodenoticias.com.ar\/wp-content\/uploads\/2024\/06\/procurador-300x169.webp 300w, https:\/\/impactodenoticias.com.ar\/wp-content\/uploads\/2024\/06\/procurador-768x432.webp 768w, https:\/\/impactodenoticias.com.ar\/wp-content\/uploads\/2024\/06\/procurador.webp 1200w\" sizes=\"auto, (max-width: 1024px) 100vw, 1024px\" \/><\/figure>\n\n\n\n<p><\/p>\n\n\n\n<p>La cuesti\u00f3n, argumenta, \u00abexpone al Ministerio Publico Fiscal quien, en sus filas, tiene a\u00fan a un fiscal auxiliar que no cumple con los requisitos formales exigidos para su ingreso, esa misma persona embestida con el poder de la ley ha firmado abreviados, solicitado allanamientos y dem\u00e1s actos procesales propios de su funci\u00f3n, exponiendo a los ciudadanos y ciudadanas de esta provincia a estar sujetos a la sola voluntad f\u00e1ctica\u00bb.<\/p>\n\n\n\n<p>En ese marco, solicit\u00f3 al Ministerio P\u00fablico Fiscal la \u00abapertura de la investigaci\u00f3n\u00bb y requiri\u00f3 la siguiente producci\u00f3n de pruebas: que se remita el legajo personal del fiscal auxiliar Facundo Etienot que se encuentra en el Ministerio Publico Fiscal; que se oficie al Consejo de la Magistratura de Entre R\u00edos el legajo de Facundo Etienot y sus declaraciones juradas; que se oficie a la Universidad del Litoral para que informe la fecha de expedici\u00f3n del t\u00edtulo universitario si lo hubiere, de Facundo Etienot.<\/p>\n\n\n\n<p><\/p>\n\n\n\n<div data-wp-interactive=\"core\/file\" class=\"wp-block-file\"><object data-wp-bind--hidden=\"!state.hasPdfPreview\" hidden class=\"wp-block-file__embed\" data=\"https:\/\/impactodenoticias.com.ar\/wp-content\/uploads\/2024\/06\/04_2020.pdf\" type=\"application\/pdf\" style=\"width:100%;height:600px\" aria-label=\"Incrustado de 04_2020.\"><\/object><a id=\"wp-block-file--media-de8a8322-15d6-40c3-9e1a-533112f4bfdf\" href=\"https:\/\/impactodenoticias.com.ar\/wp-content\/uploads\/2024\/06\/04_2020.pdf\">04_2020<\/a><a href=\"https:\/\/impactodenoticias.com.ar\/wp-content\/uploads\/2024\/06\/04_2020.pdf\" class=\"wp-block-file__button wp-element-button\" download aria-describedby=\"wp-block-file--media-de8a8322-15d6-40c3-9e1a-533112f4bfdf\">Descarga<\/a><\/div>\n\n\n\n<p><\/p>\n\n\n\n<p>\u00abA modo de cierre, me tenga por presentada la denuncia penal formal contra el Sr. Procurador Jorge Amilcar Luciano Garc\u00eda y el Fiscal Auxiliar Facundo Etienot por el delito de Usurpaci\u00f3n de autoridad, t\u00edtulos u honores\u00bb, finaliza.<\/p>\n","protected":false},"excerpt":{"rendered":"<p>El abogado Carlos G. Reggiardo acus&oacute; a Jorge Amilcar Luciano Garc&iacute;a, por haber designado un fiscal auxiliar en 2020 sin respetar el requisito de tener dos a&ntilde;os de ejercicio. La denuncia penal. Reggiardo acusa a Garc&iacute;a por haber designado un fiscal auxiliar en 2020 sin respetar el requisito de tener dos a&ntilde;os de ejercicio. El [&hellip;]<\/p>\n","protected":false},"author":2,"featured_media":490,"comment_status":"open","ping_status":"open","sticky":false,"template":"","format":"standard","meta":{"footnotes":""},"categories":[90,3,4],"tags":[150,68,149],"class_list":["post-486","post","type-post","status-publish","format-standard","has-post-thumbnail","hentry","category-judicial","category-locales","category-provinciales","tag-carlos-g-reggiardo","tag-denuncia","tag-jorge-amilcar-garcia"],"_links":{"self":[{"href":"https:\/\/impactodenoticias.com.ar\/index.php?rest_route=\/wp\/v2\/posts\/486","targetHints":{"allow":["GET"]}}],"collection":[{"href":"https:\/\/impactodenoticias.com.ar\/index.php?rest_route=\/wp\/v2\/posts"}],"about":[{"href":"https:\/\/impactodenoticias.com.ar\/index.php?rest_route=\/wp\/v2\/types\/post"}],"author":[{"embeddable":true,"href":"https:\/\/impactodenoticias.com.ar\/index.php?rest_route=\/wp\/v2\/users\/2"}],"replies":[{"embeddable":true,"href":"https:\/\/impactodenoticias.com.ar\/index.php?rest_route=%2Fwp%2Fv2%2Fcomments&post=486"}],"version-history":[{"count":1,"href":"https:\/\/impactodenoticias.com.ar\/index.php?rest_route=\/wp\/v2\/posts\/486\/revisions"}],"predecessor-version":[{"id":491,"href":"https:\/\/impactodenoticias.com.ar\/index.php?rest_route=\/wp\/v2\/posts\/486\/revisions\/491"}],"wp:featuredmedia":[{"embeddable":true,"href":"https:\/\/impactodenoticias.com.ar\/index.php?rest_route=\/wp\/v2\/media\/490"}],"wp:attachment":[{"href":"https:\/\/impactodenoticias.com.ar\/index.php?rest_route=%2Fwp%2Fv2%2Fmedia&parent=486"}],"wp:term":[{"taxonomy":"category","embeddable":true,"href":"https:\/\/impactodenoticias.com.ar\/index.php?rest_route=%2Fwp%2Fv2%2Fcategories&post=486"},{"taxonomy":"post_tag","embeddable":true,"href":"https:\/\/impactodenoticias.com.ar\/index.php?rest_route=%2Fwp%2Fv2%2Ftags&post=486"}],"curies":[{"name":"wp","href":"https:\/\/api.w.org\/{rel}","templated":true}]}}