{"id":4862,"date":"2024-10-01T09:11:21","date_gmt":"2024-10-01T12:11:21","guid":{"rendered":"https:\/\/impactodenoticias.com.ar\/?p=4862"},"modified":"2024-10-02T10:09:45","modified_gmt":"2024-10-02T13:09:45","slug":"concepcion-del-uruguay-debido-al-paso-de-fuertes-vientos-se-registro-la-caida-de-arboles","status":"publish","type":"post","link":"https:\/\/impactodenoticias.com.ar\/?p=4862","title":{"rendered":"Concepci\u00f3n del Uruguay: debido al paso de fuertes vientos, se registr\u00f3 la ca\u00edda de \u00e1rboles"},"content":{"rendered":"\n<h3 class=\"wp-block-heading\">El temporal desatado durante las \u00faltimas horas gener\u00f3 intensas r\u00e1fagas y provoc\u00f3 complicaciones en diferentes puntos de la provincia.<\/h3>\n\n\n\n<p>Concepci\u00f3n del Uruguay fue una de las localidades que padeci\u00f3 las consecuencias de la llegada de fuertes vientos de la zona sur. Al menos tres \u00e1rboles cayeron en diversos puntos de \u00abLa Hist\u00f3rica\u00bb, debido a las fuertes r\u00e1fagas de viento.<\/p>\n\n\n\n<p>La ca\u00edda de un \u00e1rbol de gran tama\u00f1o que obstruy\u00f3 la calle en la intersecci\u00f3n de T\u00f3falo y Henry. Afortunadamente no se reportaron v\u00edctimas en este incidente.<\/p>\n\n\n\n<p>Las autoridades municipales, indican la necesidad de estar preparados ante fen\u00f3menos meteorol\u00f3gicos extremos.<\/p>\n","protected":false},"excerpt":{"rendered":"<p>El temporal desatado durante las &uacute;ltimas horas gener&oacute; intensas r&aacute;fagas y provoc&oacute; complicaciones en diferentes puntos de la provincia. Concepci&oacute;n del Uruguay fue una de las localidades que padeci&oacute; las consecuencias de la llegada de fuertes vientos de la zona sur. Al menos tres &aacute;rboles cayeron en diversos puntos de &laquo;La Hist&oacute;rica&raquo;, debido a las [&hellip;]<\/p>\n","protected":false},"author":2,"featured_media":4863,"comment_status":"open","ping_status":"open","sticky":false,"template":"","format":"standard","meta":{"footnotes":""},"categories":[4,49],"tags":[324,2193],"class_list":["post-4862","post","type-post","status-publish","format-standard","has-post-thumbnail","hentry","category-provinciales","category-sociedad","tag-concepcion-del-uruguay","tag-temporal"],"_links":{"self":[{"href":"https:\/\/impactodenoticias.com.ar\/index.php?rest_route=\/wp\/v2\/posts\/4862","targetHints":{"allow":["GET"]}}],"collection":[{"href":"https:\/\/impactodenoticias.com.ar\/index.php?rest_route=\/wp\/v2\/posts"}],"about":[{"href":"https:\/\/impactodenoticias.com.ar\/index.php?rest_route=\/wp\/v2\/types\/post"}],"author":[{"embeddable":true,"href":"https:\/\/impactodenoticias.com.ar\/index.php?rest_route=\/wp\/v2\/users\/2"}],"replies":[{"embeddable":true,"href":"https:\/\/impactodenoticias.com.ar\/index.php?rest_route=%2Fwp%2Fv2%2Fcomments&post=4862"}],"version-history":[{"count":1,"href":"https:\/\/impactodenoticias.com.ar\/index.php?rest_route=\/wp\/v2\/posts\/4862\/revisions"}],"predecessor-version":[{"id":4864,"href":"https:\/\/impactodenoticias.com.ar\/index.php?rest_route=\/wp\/v2\/posts\/4862\/revisions\/4864"}],"wp:featuredmedia":[{"embeddable":true,"href":"https:\/\/impactodenoticias.com.ar\/index.php?rest_route=\/wp\/v2\/media\/4863"}],"wp:attachment":[{"href":"https:\/\/impactodenoticias.com.ar\/index.php?rest_route=%2Fwp%2Fv2%2Fmedia&parent=4862"}],"wp:term":[{"taxonomy":"category","embeddable":true,"href":"https:\/\/impactodenoticias.com.ar\/index.php?rest_route=%2Fwp%2Fv2%2Fcategories&post=4862"},{"taxonomy":"post_tag","embeddable":true,"href":"https:\/\/impactodenoticias.com.ar\/index.php?rest_route=%2Fwp%2Fv2%2Ftags&post=4862"}],"curies":[{"name":"wp","href":"https:\/\/api.w.org\/{rel}","templated":true}]}}