{"id":492,"date":"2024-06-27T17:29:17","date_gmt":"2024-06-27T20:29:17","guid":{"rendered":"https:\/\/impactodenoticias.com.ar\/?p=492"},"modified":"2024-06-27T17:29:17","modified_gmt":"2024-06-27T20:29:17","slug":"agmer-rechazo-el-aumento-de-aportes-y-anticipan-medidas-de-fuerza","status":"publish","type":"post","link":"https:\/\/impactodenoticias.com.ar\/?p=492","title":{"rendered":"Agmer rechaz\u00f3 el aumento de aportes y anticipan medidas de fuerza"},"content":{"rendered":"\n<p><strong>Desde Agmer rechazaron el decreto que aumenta aportes a activos. Anunciar\u00e1n medidas de fuerza junto a otros gremios docentes y a ATE. Piden la derogaci\u00f3n.<\/strong><\/p>\n\n\n\n<p>Por medio de un comunicado, la Asociaci\u00f3n Gremial del Magisterio de Entre R\u00edos (Agmer) rechaz\u00f3 el decreto N\u00ba 1576\/24, por el cual se elevan los aportes personales previsionales (tanto a activos como a jubilados con reg\u00edmenes especiales), en el marco del plan para sanear el d\u00e9ficit de la Caja de Jubilaciones.<\/p>\n\n\n\n<p>Desde el mayoritario gremio docente de la provincia reiteraron su \u00abrechazo y repudio\u00bb a lo que consideraron un \u00abnuevo golpe al bolsillo de los trabajadores entrerrianos\u00bb. En ese marco, convocaron a una conferencia de prensa el martes 2 de julio a las 10 en la sede central -Alameda de la Federaci\u00f3n 114 de Paran\u00e1- donde anunciar\u00e1n medidas de fuerza consensuadas con otros sindicatos.<\/p>\n\n\n\n<p><strong>Qu\u00e9 expresan desde Agmer<\/strong><\/p>\n\n\n\n<p>\u00abPara esta conducci\u00f3n no se trata solo del incremento del 3%, es ese n\u00famero m\u00e1s la reducci\u00f3n salarial de la mano de la quita del Incentivo y la eliminaci\u00f3n del FONID, sumado a la disparada inflacionaria, el alza de las tarifas de la luz, gas, el aumento de los precios de los productos b\u00e1sicos. Por eso llamamos &#8216;ajuste&#8217;, &#8216;un nuevo golpe al bolsillo&#8217; a este aumento de los aportes\u00bb, destacaron.<\/p>\n\n\n\n<p>En el comunicado se\u00f1alaron que hubo dos congresos extraordinarios de la entidad que rechazaron el aumento de aportes patronales y donde se mandat\u00f3 a la Comisi\u00f3n Directiva a \u00abimplementar las medidas que se consideren pertinentes tendientes a revertir la decisi\u00f3n del ejecutivo provincial\u00bb.<\/p>\n\n\n\n<p>Agregaron que ya tomaron contacto en el Frente Gremial Docente -donde est\u00e1n tambi\u00e9n Sadop, AMET y UDA- y con ATE, con el objeto de \u00abcoordinar acciones en conjunto para frenar este y todo intento de ajuste\u00bb. Por tal motivo dar\u00e1n una conferencia de prensa el martes y prometen anunciar \u00ablas medidas que se llevar\u00e1n adelante\u00bb. Y finalizaron: \u00abSi el gobierno de la provincia no deroga el Decreto 1576\/2024 vamos directamente a la profundizaci\u00f3n del conflicto\u00bb.<\/p>\n","protected":false},"excerpt":{"rendered":"<p>Desde Agmer rechazaron el decreto que aumenta aportes a activos. Anunciar&aacute;n medidas de fuerza junto a otros gremios docentes y a ATE. Piden la derogaci&oacute;n. Por medio de un comunicado, la Asociaci&oacute;n Gremial del Magisterio de Entre R&iacute;os (Agmer) rechaz&oacute; el decreto N&ordm; 1576\/24, por el cual se elevan los aportes personales previsionales (tanto a [&hellip;]<\/p>\n","protected":false},"author":2,"featured_media":493,"comment_status":"open","ping_status":"open","sticky":false,"template":"","format":"standard","meta":{"footnotes":""},"categories":[91,4],"tags":[52,33,152,151],"class_list":["post-492","post","type-post","status-publish","format-standard","has-post-thumbnail","hentry","category-gremiales","category-provinciales","tag-agmer","tag-entre-rios","tag-fuerza","tag-medida"],"_links":{"self":[{"href":"https:\/\/impactodenoticias.com.ar\/index.php?rest_route=\/wp\/v2\/posts\/492","targetHints":{"allow":["GET"]}}],"collection":[{"href":"https:\/\/impactodenoticias.com.ar\/index.php?rest_route=\/wp\/v2\/posts"}],"about":[{"href":"https:\/\/impactodenoticias.com.ar\/index.php?rest_route=\/wp\/v2\/types\/post"}],"author":[{"embeddable":true,"href":"https:\/\/impactodenoticias.com.ar\/index.php?rest_route=\/wp\/v2\/users\/2"}],"replies":[{"embeddable":true,"href":"https:\/\/impactodenoticias.com.ar\/index.php?rest_route=%2Fwp%2Fv2%2Fcomments&post=492"}],"version-history":[{"count":1,"href":"https:\/\/impactodenoticias.com.ar\/index.php?rest_route=\/wp\/v2\/posts\/492\/revisions"}],"predecessor-version":[{"id":494,"href":"https:\/\/impactodenoticias.com.ar\/index.php?rest_route=\/wp\/v2\/posts\/492\/revisions\/494"}],"wp:featuredmedia":[{"embeddable":true,"href":"https:\/\/impactodenoticias.com.ar\/index.php?rest_route=\/wp\/v2\/media\/493"}],"wp:attachment":[{"href":"https:\/\/impactodenoticias.com.ar\/index.php?rest_route=%2Fwp%2Fv2%2Fmedia&parent=492"}],"wp:term":[{"taxonomy":"category","embeddable":true,"href":"https:\/\/impactodenoticias.com.ar\/index.php?rest_route=%2Fwp%2Fv2%2Fcategories&post=492"},{"taxonomy":"post_tag","embeddable":true,"href":"https:\/\/impactodenoticias.com.ar\/index.php?rest_route=%2Fwp%2Fv2%2Ftags&post=492"}],"curies":[{"name":"wp","href":"https:\/\/api.w.org\/{rel}","templated":true}]}}