{"id":4945,"date":"2024-10-02T13:27:57","date_gmt":"2024-10-02T16:27:57","guid":{"rendered":"https:\/\/impactodenoticias.com.ar\/?p=4945"},"modified":"2024-10-04T10:45:14","modified_gmt":"2024-10-04T13:45:14","slug":"el-gobierno-provincial-presento-una-nueva-propuesta-salarial-para-los-trabajadores-estatales","status":"publish","type":"post","link":"https:\/\/impactodenoticias.com.ar\/?p=4945","title":{"rendered":"El gobierno provincial present\u00f3 una nueva propuesta salarial para los trabajadores estatales"},"content":{"rendered":"\n<p class=\"has-medium-font-size\"><strong>La propuesta fue comunicada este mi\u00e9rcoles en la reuni\u00f3n paritaria que cont\u00f3 con la participaci\u00f3n de las autoridades provinciales y de los gremios UPCN y ATE. La paritaria pas\u00f3 a cuarto intermedio para el lunes 14 de octubre a las 10.<\/strong><\/p>\n\n\n\n<p>La oferta incluye continuar cubriendo la inflaci\u00f3n mensual; una recomposici\u00f3n semestral del 6,55 por ciento a pagar en 3 partes iguales (octubre, noviembre y diciembre); una suma no remunerativa de 40.000 pesos con actualizaci\u00f3n mensual por variaci\u00f3n del IPC hasta diciembre; y un aumento del 20 por ciento en los contratos de locaci\u00f3n de obra, llev\u00e1ndolos a 500.000 pesos.<\/p>\n\n\n\n<p>Adem\u00e1s, el jefe de gabinete del Ministerio de Gobierno y Trabajo, Abelardo Del Prado, agreg\u00f3 que, \u00abtanto para docentes y como para todos los empleados p\u00fablicos, el d\u00eda que no se trabaja, es d\u00eda que no se paga\u00bb.<\/p>\n\n\n\n<p>El encuentro fue presidido por el secretario de Trabajo, Mariano Camoirano. Por el gobierno, participaron el jefe de gabinete del Ministerio de Gobierno y Trabajo, Abelardo Del Prado, y representantes del Ministerio de Hacienda y Finanzas. Y por la Uni\u00f3n del Personal Civil de la Naci\u00f3n, la secretaria adjunta, Carina Dom\u00ednguez, y por la Asociaci\u00f3n de Trabajadores del Estado (ATE), el secretario general, Oscar Muntes.<\/p>\n","protected":false},"excerpt":{"rendered":"<p>La propuesta fue comunicada este mi&eacute;rcoles en la reuni&oacute;n paritaria que cont&oacute; con la participaci&oacute;n de las autoridades provinciales y de los gremios UPCN y ATE. La paritaria pas&oacute; a cuarto intermedio para el lunes 14 de octubre a las 10. La oferta incluye continuar cubriendo la inflaci&oacute;n mensual; una recomposici&oacute;n semestral del 6,55 por [&hellip;]<\/p>\n","protected":false},"author":2,"featured_media":4948,"comment_status":"open","ping_status":"open","sticky":false,"template":"","format":"standard","meta":{"footnotes":""},"categories":[91,11,4],"tags":[33,308,433,746,747],"class_list":["post-4945","post","type-post","status-publish","format-standard","has-post-thumbnail","hentry","category-gremiales","category-politica","category-provinciales","tag-entre-rios","tag-estatales","tag-gobierno","tag-propuesta","tag-salarial"],"_links":{"self":[{"href":"https:\/\/impactodenoticias.com.ar\/index.php?rest_route=\/wp\/v2\/posts\/4945","targetHints":{"allow":["GET"]}}],"collection":[{"href":"https:\/\/impactodenoticias.com.ar\/index.php?rest_route=\/wp\/v2\/posts"}],"about":[{"href":"https:\/\/impactodenoticias.com.ar\/index.php?rest_route=\/wp\/v2\/types\/post"}],"author":[{"embeddable":true,"href":"https:\/\/impactodenoticias.com.ar\/index.php?rest_route=\/wp\/v2\/users\/2"}],"replies":[{"embeddable":true,"href":"https:\/\/impactodenoticias.com.ar\/index.php?rest_route=%2Fwp%2Fv2%2Fcomments&post=4945"}],"version-history":[{"count":1,"href":"https:\/\/impactodenoticias.com.ar\/index.php?rest_route=\/wp\/v2\/posts\/4945\/revisions"}],"predecessor-version":[{"id":4947,"href":"https:\/\/impactodenoticias.com.ar\/index.php?rest_route=\/wp\/v2\/posts\/4945\/revisions\/4947"}],"wp:featuredmedia":[{"embeddable":true,"href":"https:\/\/impactodenoticias.com.ar\/index.php?rest_route=\/wp\/v2\/media\/4948"}],"wp:attachment":[{"href":"https:\/\/impactodenoticias.com.ar\/index.php?rest_route=%2Fwp%2Fv2%2Fmedia&parent=4945"}],"wp:term":[{"taxonomy":"category","embeddable":true,"href":"https:\/\/impactodenoticias.com.ar\/index.php?rest_route=%2Fwp%2Fv2%2Fcategories&post=4945"},{"taxonomy":"post_tag","embeddable":true,"href":"https:\/\/impactodenoticias.com.ar\/index.php?rest_route=%2Fwp%2Fv2%2Ftags&post=4945"}],"curies":[{"name":"wp","href":"https:\/\/api.w.org\/{rel}","templated":true}]}}