{"id":495,"date":"2024-06-27T17:58:50","date_gmt":"2024-06-27T20:58:50","guid":{"rendered":"https:\/\/impactodenoticias.com.ar\/?p=495"},"modified":"2024-06-27T17:58:58","modified_gmt":"2024-06-27T20:58:58","slug":"en-una-debatida-sesion-fracaso-el-intento-express-que-busco-modificar-el-funcionamiento-de-la-radio-municipal-de-concordia","status":"publish","type":"post","link":"https:\/\/impactodenoticias.com.ar\/?p=495","title":{"rendered":"En una debatida sesi\u00f3n fracas\u00f3 el intento express que busc\u00f3 modificar el funcionamiento de la radio municipal de Concordia"},"content":{"rendered":"\n<p><strong>Con un proyecto que algunos concejales reci\u00e9n conocieron pocas horas antes de la sesi\u00f3n, el oficialismo intent\u00f3 cambiar la estructura que regula el funcionamiento de la Radio P\u00fablica.<\/strong><\/p>\n\n\n\n<p>El proyecto de ordenanza presentado por el edil Mauricio Rey (Juntos por Entre R\u00edos) intent\u00f3 ser tratado \u201csobre tablas\u201d en los primeros minutos de la sesi\u00f3n de este jueves, teniendo como primera respuesta el rechazo de los concejales de la oposici\u00f3n, quienes confirmaron que la copia -v\u00eda mensaje de whats app- fue recibido minutos antes de la medianoche del mi\u00e9rcoles, por lo que algunos ediles pudieron leerlo reci\u00e9n en la ma\u00f1ana del jueves, apenas un rato antes de la sesi\u00f3n.<\/p>\n\n\n\n<p>El concejal Pablo Bovino (Bloque PJ) fue uno de los que precis\u00f3 que hab\u00eda recibido el proyecto \u201ccasi en la madrugada\u201d, y que \u201csin trabajo de labor parlamentaria\u201d se quiso tratar una iniciativa \u201cque no sabemos para qu\u00e9 lado va esto\u201d y \u201cse pretende tener un tratamiento contra reloj, cuando ni siquiera tuvimos tiempo de leerlo\u201d. En esa misma t\u00f3nica de reproche se manifestaron los concejales Guillermo Satal\u00eda Mendez, Claudia Villalba y Carolina Amiano.<\/p>\n\n\n\n<p>Rey contest\u00f3, que el proyecto hab\u00eda tenido ingreso al Concejo durante el martes 25 de junio y reproch\u00f3 que su proyecto se hubiera \u201cviralizado\u201d por fuera del recinto, para volver a pedir el tratamiento sobre tablas.<\/p>\n\n\n\n<p>Mientras esta discusi\u00f3n se daba en el recinto, llegaron varios oyentes de la emisora a la sala de sesiones, los cuales se autoconvocaron para defender a la actual programaci\u00f3n de la radio. Esto, sumado a la postura de los concejales del oficialismo, motiv\u00f3 un cuarto intermedio, tras cual el concejal Rey decidi\u00f3 retirar su pedido de tratamiento sobre tablas y que el proyecto vaya a comisi\u00f3n para su tratamiento parlamentario con los dem\u00e1s bloques.<\/p>\n\n\n\n<p><strong>El proyecto<\/strong><\/p>\n\n\n\n<p>La iniciativa propone modificar la Ordenanza N\u00ba 35.454 con la que oportunamente que se cre\u00f3 el Ente de Gesti\u00f3n de la Radio P\u00fablica de Concordia; para regir el administrar la \u201cRadio Ciudadana\u201d, emisora de Frecuencia Modulada.<\/p>\n\n\n\n<p>El proyecto se inicia considerando que \u201ces menester adaptar la Radio P\u00fablica a las actuales necesidades y condiciones, en un marco de austeridad y optimizaci\u00f3n de los recursos\u201d y que el actual Ente \u201cha concluido un ciclo, prueba de ello es que la misma ha quedado virtualmente diezmada en su Funcionamiento\u201d, considera Rey en su proyecto.<\/p>\n\n\n\n<p>A pesar que ser hoy una de las emisoras de mayor audiencia, el concejal afirma en su proyecto que la radio \u201cno est\u00e1 siendo usada adecuadamente como medio informativo, y a favor de la difusi\u00f3n de las expresiones culturales y art\u00edsticas locales, de la pr\u00e1ctica deportiva o la promoci\u00f3n de zonas y atractivos tur\u00edsticos, entre otros aspectos\u201d.<\/p>\n\n\n\n<p>En lo que respecta a sus articulados, se trata de 29 puntos que aborda desde la creaci\u00f3n de la C.A.R.P. (COMISI\u00d3N de ADMINISTRACI\u00d3N de la RADIO PUBLICA de Concordia) hasta cuestiones sobre la programaci\u00f3n, \u201ccreando espacios para la libre expresi\u00f3n de los ciudadanos, en un sentido plural y Democr\u00e1tico\u201d, insinuando que actualmente no los habr\u00eda.<\/p>\n\n\n\n<p>Tambi\u00e9n hay varios cap\u00edtulos destinados a \u201cla tercerizaci\u00f3n de programas\u201d, se\u00f1al\u00e1ndose que \u201ca convocatoria mencionada anteriormente podr\u00e1 ser orientada, conforme la l\u00ednea editorial del Director de la Radio, respecto del tipo de programas y g\u00e9neros que se desea incluir en la programaci\u00f3n\u201d.<\/p>\n\n\n\n<p>Adem\u00e1s uno de los art\u00edculos m\u00e1s llamativos es el que establece que la estructura de la emisora se reducir\u00e1 solo a \u201cun Operario T\u00e9cnico, un Periodista, un Locutor y un fot\u00f3grafo \/ Community manager\u201d, por lo que se desprende que se prescindir\u00eda de la mayor\u00eda de los actuales trabajadores<\/p>\n","protected":false},"excerpt":{"rendered":"<p>Con un proyecto que algunos concejales reci&eacute;n conocieron pocas horas antes de la sesi&oacute;n, el oficialismo intent&oacute; cambiar la estructura que regula el funcionamiento de la Radio P&uacute;blica. El proyecto de ordenanza presentado por el edil Mauricio Rey (Juntos por Entre R&iacute;os) intent&oacute; ser tratado &ldquo;sobre tablas&rdquo; en los primeros minutos de la sesi&oacute;n de [&hellip;]<\/p>\n","protected":false},"author":2,"featured_media":496,"comment_status":"open","ping_status":"open","sticky":false,"template":"","format":"standard","meta":{"footnotes":""},"categories":[11,4],"tags":[72,159,33,153,155,157,154],"class_list":["post-495","post","type-post","status-publish","format-standard","has-post-thumbnail","hentry","category-politica","category-provinciales","tag-concordia","tag-deliberante","tag-entre-rios","tag-fracaso","tag-modificacion","tag-municipal","tag-sesion"],"_links":{"self":[{"href":"https:\/\/impactodenoticias.com.ar\/index.php?rest_route=\/wp\/v2\/posts\/495","targetHints":{"allow":["GET"]}}],"collection":[{"href":"https:\/\/impactodenoticias.com.ar\/index.php?rest_route=\/wp\/v2\/posts"}],"about":[{"href":"https:\/\/impactodenoticias.com.ar\/index.php?rest_route=\/wp\/v2\/types\/post"}],"author":[{"embeddable":true,"href":"https:\/\/impactodenoticias.com.ar\/index.php?rest_route=\/wp\/v2\/users\/2"}],"replies":[{"embeddable":true,"href":"https:\/\/impactodenoticias.com.ar\/index.php?rest_route=%2Fwp%2Fv2%2Fcomments&post=495"}],"version-history":[{"count":1,"href":"https:\/\/impactodenoticias.com.ar\/index.php?rest_route=\/wp\/v2\/posts\/495\/revisions"}],"predecessor-version":[{"id":497,"href":"https:\/\/impactodenoticias.com.ar\/index.php?rest_route=\/wp\/v2\/posts\/495\/revisions\/497"}],"wp:featuredmedia":[{"embeddable":true,"href":"https:\/\/impactodenoticias.com.ar\/index.php?rest_route=\/wp\/v2\/media\/496"}],"wp:attachment":[{"href":"https:\/\/impactodenoticias.com.ar\/index.php?rest_route=%2Fwp%2Fv2%2Fmedia&parent=495"}],"wp:term":[{"taxonomy":"category","embeddable":true,"href":"https:\/\/impactodenoticias.com.ar\/index.php?rest_route=%2Fwp%2Fv2%2Fcategories&post=495"},{"taxonomy":"post_tag","embeddable":true,"href":"https:\/\/impactodenoticias.com.ar\/index.php?rest_route=%2Fwp%2Fv2%2Ftags&post=495"}],"curies":[{"name":"wp","href":"https:\/\/api.w.org\/{rel}","templated":true}]}}