{"id":4958,"date":"2024-10-02T19:25:33","date_gmt":"2024-10-02T22:25:33","guid":{"rendered":"https:\/\/impactodenoticias.com.ar\/?p=4958"},"modified":"2024-10-04T10:45:00","modified_gmt":"2024-10-04T13:45:00","slug":"marcha-universitaria-se-esta-atacando-una-forma-de-movilidad-social-que-tenemos-los-argentinos-senalo-romero","status":"publish","type":"post","link":"https:\/\/impactodenoticias.com.ar\/?p=4958","title":{"rendered":"Marcha universitaria: \u201cSe est\u00e1 atacando una forma de movilidad social que tenemos los argentinos\u201d, se\u00f1al\u00f3 Romero"},"content":{"rendered":"\n<p class=\"has-medium-font-size\"><strong>La intendenta salud\u00f3 la masiva movilizaci\u00f3n que reuni\u00f3 a much\u00edsima gente en la ciudad. Expres\u00f3 que \u00absi el presidente avanza con el veto a la Ley, no est\u00e1 escuchando un reclamo completamente genuino\u00bb.<\/strong><\/p>\n\n\n\n<p>La intendenta de Paran\u00e1, Rosario Romero, fue parte de la marcha universitaria que se realiz\u00f3 este mi\u00e9rcoles por la tarde en la ciudad, replicando la movida de car\u00e1cter federal que se desarroll\u00f3 en decenas de ciudades del pa\u00eds.<\/p>\n\n\n\n<p><\/p>\n\n\n\n<blockquote class=\"twitter-tweet\"><p lang=\"es\" dir=\"ltr\">Saludamos esta marcha federal a nivel nacional que replica aqu\u00ed en la ciudad de Paran\u00e1 con much\u00edsima gente. <br>Soy egresada en la Universidad Nacional del Litoral, all\u00ed estudi\u00e9, con muchos compa\u00f1eros que si no hubiera sido por la educaci\u00f3n p\u00fablica no hubieran podido estudiar. <a href=\"https:\/\/t.co\/mzkU34dujD\">pic.twitter.com\/mzkU34dujD<\/a><\/p>&mdash; Rosario Romero (@rosarioromeroOK) <a href=\"https:\/\/twitter.com\/rosarioromeroOK\/status\/1841588711454126281?ref_src=twsrc%5Etfw\">October 2, 2024<\/a><\/blockquote> <script async src=\"https:\/\/platform.twitter.com\/widgets.js\" charset=\"utf-8\"><\/script>\n\n\n\n<p><\/p>\n\n\n\n<p>\u201cSaludamos esta marcha federal a nivel nacional que replica aqu\u00ed en la ciudad de Paran\u00e1 con much\u00edsima gente. Soy egresada en la Universidad Nacional del Litoral, all\u00ed estudi\u00e9, con muchos compa\u00f1eros que si no hubiera sido por la educaci\u00f3n p\u00fablica no hubieran podido estudiar\u201d, manifest\u00f3.<\/p>\n\n\n\n<p>Y agreg\u00f3: \u201cCon estas medidas presupuestarias, se est\u00e1 atacando una forma de movilidad social que tenemos los argentinos. La posibilidad de que las familias puedan pensar en tener un hijo que estudie en la universidad, sin necesidad de que eso les sea prohibitivo por una cuesti\u00f3n econ\u00f3mica\u201d.<\/p>\n\n\n\n<p>El principal reclamo es por el presupuesto universitario, en el marco de un ahogo por parte del gobierno nacional que busc\u00f3 subsanarse en la ley de financiamiento universitario, que a pesar de haber sido aprobada en el Congreso el presidente Javier Milei ya anunci\u00f3 que vetar\u00e1.<\/p>\n\n\n\n<p>Sobre esta situaci\u00f3n la intendenta de Paran\u00e1 se\u00f1al\u00f3: \u201cNo hay que cercenar la posibilidad de estudiar en la universidad p\u00fablica. Si el presidente avanza con el veto a la Ley, no est\u00e1 escuchando un reclamo completamente genuino de la poblaci\u00f3n y est\u00e1 atacando una de las fortalezas que tiene el pa\u00eds\u201c.<\/p>\n","protected":false},"excerpt":{"rendered":"<p>La intendenta salud&oacute; la masiva movilizaci&oacute;n que reuni&oacute; a much&iacute;sima gente en la ciudad. Expres&oacute; que &laquo;si el presidente avanza con el veto a la Ley, no est&aacute; escuchando un reclamo completamente genuino&raquo;. La intendenta de Paran&aacute;, Rosario Romero, fue parte de la marcha universitaria que se realiz&oacute; este mi&eacute;rcoles por la tarde en la [&hellip;]<\/p>\n","protected":false},"author":2,"featured_media":4959,"comment_status":"open","ping_status":"open","sticky":false,"template":"","format":"standard","meta":{"footnotes":""},"categories":[11,4],"tags":[362,95,161,2218],"class_list":["post-4958","post","type-post","status-publish","format-standard","has-post-thumbnail","hentry","category-politica","category-provinciales","tag-marcha","tag-parana","tag-rosario-romero","tag-universitaria"],"_links":{"self":[{"href":"https:\/\/impactodenoticias.com.ar\/index.php?rest_route=\/wp\/v2\/posts\/4958","targetHints":{"allow":["GET"]}}],"collection":[{"href":"https:\/\/impactodenoticias.com.ar\/index.php?rest_route=\/wp\/v2\/posts"}],"about":[{"href":"https:\/\/impactodenoticias.com.ar\/index.php?rest_route=\/wp\/v2\/types\/post"}],"author":[{"embeddable":true,"href":"https:\/\/impactodenoticias.com.ar\/index.php?rest_route=\/wp\/v2\/users\/2"}],"replies":[{"embeddable":true,"href":"https:\/\/impactodenoticias.com.ar\/index.php?rest_route=%2Fwp%2Fv2%2Fcomments&post=4958"}],"version-history":[{"count":1,"href":"https:\/\/impactodenoticias.com.ar\/index.php?rest_route=\/wp\/v2\/posts\/4958\/revisions"}],"predecessor-version":[{"id":4960,"href":"https:\/\/impactodenoticias.com.ar\/index.php?rest_route=\/wp\/v2\/posts\/4958\/revisions\/4960"}],"wp:featuredmedia":[{"embeddable":true,"href":"https:\/\/impactodenoticias.com.ar\/index.php?rest_route=\/wp\/v2\/media\/4959"}],"wp:attachment":[{"href":"https:\/\/impactodenoticias.com.ar\/index.php?rest_route=%2Fwp%2Fv2%2Fmedia&parent=4958"}],"wp:term":[{"taxonomy":"category","embeddable":true,"href":"https:\/\/impactodenoticias.com.ar\/index.php?rest_route=%2Fwp%2Fv2%2Fcategories&post=4958"},{"taxonomy":"post_tag","embeddable":true,"href":"https:\/\/impactodenoticias.com.ar\/index.php?rest_route=%2Fwp%2Fv2%2Ftags&post=4958"}],"curies":[{"name":"wp","href":"https:\/\/api.w.org\/{rel}","templated":true}]}}