{"id":5007,"date":"2024-10-03T19:12:51","date_gmt":"2024-10-03T22:12:51","guid":{"rendered":"https:\/\/impactodenoticias.com.ar\/?p=5007"},"modified":"2024-10-03T19:12:51","modified_gmt":"2024-10-03T22:12:51","slug":"impactante-accidente-de-transito-en-crespo-un-motociclista-en-grave-estado","status":"publish","type":"post","link":"https:\/\/impactodenoticias.com.ar\/?p=5007","title":{"rendered":"Impactante accidente de tr\u00e1nsito en Crespo: un motociclista en grave estado"},"content":{"rendered":"\n<h3 class=\"wp-block-heading\">Un grave accidente vial se produjo esta tarde en Crespo. Una moto y un utilitario chocaron en acceso Los Constituyentes y calle Ameghino.<\/h3>\n\n\n\n<p>Seg\u00fan confirmaron fuentes policiales a IMPACTO DE NOTICIAS, el motociclista sufri\u00f3 graves heridas. Por este motivo, qued\u00f3 en observaci\u00f3n en una cl\u00ednica privada de la localidad.<\/p>\n\n\n\n<p>Se intentan establecer las causas por las que sucedi\u00f3 el accidente, y en el lugar trabaj\u00f3 personal de la Divisi\u00f3n Criminal\u00edstica. A su vez, la Fiscal orden\u00f3 la extracci\u00f3n de sangre para ambos conductores.<\/p>\n","protected":false},"excerpt":{"rendered":"<p>Un grave accidente vial se produjo esta tarde en Crespo. Una moto y un utilitario chocaron en acceso Los Constituyentes y calle Ameghino. Seg&uacute;n confirmaron fuentes policiales a IMPACTO DE NOTICIAS, el motociclista sufri&oacute; graves heridas. Por este motivo, qued&oacute; en observaci&oacute;n en una cl&iacute;nica privada de la localidad. Se intentan establecer las causas por [&hellip;]<\/p>\n","protected":false},"author":2,"featured_media":5008,"comment_status":"open","ping_status":"open","sticky":false,"template":"","format":"standard","meta":{"footnotes":""},"categories":[4],"tags":[120,337,388,239],"class_list":["post-5007","post","type-post","status-publish","format-standard","has-post-thumbnail","hentry","category-provinciales","tag-accidente","tag-crespo","tag-moto","tag-utilitario"],"_links":{"self":[{"href":"https:\/\/impactodenoticias.com.ar\/index.php?rest_route=\/wp\/v2\/posts\/5007","targetHints":{"allow":["GET"]}}],"collection":[{"href":"https:\/\/impactodenoticias.com.ar\/index.php?rest_route=\/wp\/v2\/posts"}],"about":[{"href":"https:\/\/impactodenoticias.com.ar\/index.php?rest_route=\/wp\/v2\/types\/post"}],"author":[{"embeddable":true,"href":"https:\/\/impactodenoticias.com.ar\/index.php?rest_route=\/wp\/v2\/users\/2"}],"replies":[{"embeddable":true,"href":"https:\/\/impactodenoticias.com.ar\/index.php?rest_route=%2Fwp%2Fv2%2Fcomments&post=5007"}],"version-history":[{"count":1,"href":"https:\/\/impactodenoticias.com.ar\/index.php?rest_route=\/wp\/v2\/posts\/5007\/revisions"}],"predecessor-version":[{"id":5009,"href":"https:\/\/impactodenoticias.com.ar\/index.php?rest_route=\/wp\/v2\/posts\/5007\/revisions\/5009"}],"wp:featuredmedia":[{"embeddable":true,"href":"https:\/\/impactodenoticias.com.ar\/index.php?rest_route=\/wp\/v2\/media\/5008"}],"wp:attachment":[{"href":"https:\/\/impactodenoticias.com.ar\/index.php?rest_route=%2Fwp%2Fv2%2Fmedia&parent=5007"}],"wp:term":[{"taxonomy":"category","embeddable":true,"href":"https:\/\/impactodenoticias.com.ar\/index.php?rest_route=%2Fwp%2Fv2%2Fcategories&post=5007"},{"taxonomy":"post_tag","embeddable":true,"href":"https:\/\/impactodenoticias.com.ar\/index.php?rest_route=%2Fwp%2Fv2%2Ftags&post=5007"}],"curies":[{"name":"wp","href":"https:\/\/api.w.org\/{rel}","templated":true}]}}