{"id":5020,"date":"2024-10-04T09:04:40","date_gmt":"2024-10-04T12:04:40","guid":{"rendered":"https:\/\/impactodenoticias.com.ar\/?p=5020"},"modified":"2024-10-04T09:04:40","modified_gmt":"2024-10-04T12:04:40","slug":"pronostican-un-fin-de-semana-muy-caluroso-en-entre-rios","status":"publish","type":"post","link":"https:\/\/impactodenoticias.com.ar\/?p=5020","title":{"rendered":"Pronostican un fin de semana muy caluroso en Entre R\u00edos"},"content":{"rendered":"\n<h3 class=\"wp-block-heading\">Este viernes y el fin de semana se incrementar\u00e1n las temperaturas. Luego se anticipa la probable llegada de inestabilidades a la provincia.<\/h3>\n\n\n\n<p>El Servicio Meteorol\u00f3gico Nacional \u2013SMN\u2013 pronostica una suba de temperaturas en Entre R\u00edos a partir de este viernes y hasta el fin de semana. Las m\u00e1ximas podr\u00edan ubicarse entre los 25 y 30 grados, con nubosidad variable.<\/p>\n\n\n\n<p>No obstante, tras un fin de semana agradable y con temperaturas casi veraniegas, el pron\u00f3stico extendido anticipa posibles inestabilidades para el pr\u00f3ximo lunes. De acuerdo al SMN, ese d\u00eda podr\u00edan regitrase lluvias de manera aisladas en distintas zonas de Entre R\u00edos.<\/p>\n\n\n\n<p>Las inestabilidades, que por ahora no ser\u00edan significaticas, provocar\u00e1n un suave descenso de las temperaturas teniendo en cuenta que el calor casi veraniego se sentir\u00e1 sobre todo el domingo.<\/p>\n\n\n\n<p><\/p>\n\n\n\n<figure class=\"wp-block-image size-large\"><img loading=\"lazy\" decoding=\"async\" width=\"1024\" height=\"250\" src=\"https:\/\/impactodenoticias.com.ar\/wp-content\/uploads\/2024\/10\/scrnli_c447aL1h9oczJ7-1024x250.png\" alt=\"\" class=\"wp-image-5021\" srcset=\"https:\/\/impactodenoticias.com.ar\/wp-content\/uploads\/2024\/10\/scrnli_c447aL1h9oczJ7-1024x250.png 1024w, https:\/\/impactodenoticias.com.ar\/wp-content\/uploads\/2024\/10\/scrnli_c447aL1h9oczJ7-300x73.png 300w, https:\/\/impactodenoticias.com.ar\/wp-content\/uploads\/2024\/10\/scrnli_c447aL1h9oczJ7-768x187.png 768w, https:\/\/impactodenoticias.com.ar\/wp-content\/uploads\/2024\/10\/scrnli_c447aL1h9oczJ7.png 1139w\" sizes=\"auto, (max-width: 1024px) 100vw, 1024px\" \/><\/figure>\n\n\n\n<p><\/p>\n\n\n\n<p>En Paran\u00e1, Diamante, Nogoy\u00e1, La Paz y Villaguay indican para hoy una m\u00ednima de 10 grados y m\u00e1xima de 27 grados, en ascenso. El d\u00eda estar\u00e1 parcialmente nublado.<\/p>\n\n\n\n<p><\/p>\n\n\n\n<figure class=\"wp-block-image size-large\"><img loading=\"lazy\" decoding=\"async\" width=\"1024\" height=\"247\" src=\"https:\/\/impactodenoticias.com.ar\/wp-content\/uploads\/2024\/10\/scrnli_I9RfmfIK8odjW5-1024x247.png\" alt=\"\" class=\"wp-image-5022\" srcset=\"https:\/\/impactodenoticias.com.ar\/wp-content\/uploads\/2024\/10\/scrnli_I9RfmfIK8odjW5-1024x247.png 1024w, https:\/\/impactodenoticias.com.ar\/wp-content\/uploads\/2024\/10\/scrnli_I9RfmfIK8odjW5-300x72.png 300w, https:\/\/impactodenoticias.com.ar\/wp-content\/uploads\/2024\/10\/scrnli_I9RfmfIK8odjW5-768x185.png 768w, https:\/\/impactodenoticias.com.ar\/wp-content\/uploads\/2024\/10\/scrnli_I9RfmfIK8odjW5.png 1140w\" sizes=\"auto, (max-width: 1024px) 100vw, 1024px\" \/><\/figure>\n\n\n\n<p><\/p>\n\n\n\n<p>Mientras que en Concordia, Federal, Federaci\u00f3n, Feliciano y San Salvador prev\u00e9n 9 grados de m\u00ednima y 24 de m\u00e1xima para hoy, tambi\u00e9n con cielo parcialmente y algo nublado.<\/p>\n\n\n\n<p><\/p>\n\n\n\n<figure class=\"wp-block-image size-large\"><img loading=\"lazy\" decoding=\"async\" width=\"1024\" height=\"247\" src=\"https:\/\/impactodenoticias.com.ar\/wp-content\/uploads\/2024\/10\/scrnli_uxSQh3bIwoe7Jr-1024x247.png\" alt=\"\" class=\"wp-image-5023\" srcset=\"https:\/\/impactodenoticias.com.ar\/wp-content\/uploads\/2024\/10\/scrnli_uxSQh3bIwoe7Jr-1024x247.png 1024w, https:\/\/impactodenoticias.com.ar\/wp-content\/uploads\/2024\/10\/scrnli_uxSQh3bIwoe7Jr-300x72.png 300w, https:\/\/impactodenoticias.com.ar\/wp-content\/uploads\/2024\/10\/scrnli_uxSQh3bIwoe7Jr-768x185.png 768w, https:\/\/impactodenoticias.com.ar\/wp-content\/uploads\/2024\/10\/scrnli_uxSQh3bIwoe7Jr.png 1140w\" sizes=\"auto, (max-width: 1024px) 100vw, 1024px\" \/><\/figure>\n\n\n\n<p><\/p>\n\n\n\n<p>En Uruguay, Gualeguaych\u00fa, Tala, Col\u00f3n e Islas del Ibicuy indican para este viernes 7 grados de m\u00ednima y 24 grados de m\u00e1xima, con cielo entre algo y parcialmente nublado.<\/p>\n\n\n\n<p>Por su parte Victoria y Gualeguay aguardan este viernes m\u00ednimas de 9 grados y m\u00e1xima de 26 grados, con leve nubosidad durante el d\u00eda.<\/p>\n","protected":false},"excerpt":{"rendered":"<p>Este viernes y el fin de semana se incrementar&aacute;n las temperaturas. Luego se anticipa la probable llegada de inestabilidades a la provincia. El Servicio Meteorol&oacute;gico Nacional &ndash;SMN&ndash; pronostica una suba de temperaturas en Entre R&iacute;os a partir de este viernes y hasta el fin de semana. Las m&aacute;ximas podr&iacute;an ubicarse entre los 25 y 30 [&hellip;]<\/p>\n","protected":false},"author":2,"featured_media":5024,"comment_status":"open","ping_status":"open","sticky":false,"template":"","format":"standard","meta":{"footnotes":""},"categories":[4,49],"tags":[38,33],"class_list":["post-5020","post","type-post","status-publish","format-standard","has-post-thumbnail","hentry","category-provinciales","category-sociedad","tag-clima","tag-entre-rios"],"_links":{"self":[{"href":"https:\/\/impactodenoticias.com.ar\/index.php?rest_route=\/wp\/v2\/posts\/5020","targetHints":{"allow":["GET"]}}],"collection":[{"href":"https:\/\/impactodenoticias.com.ar\/index.php?rest_route=\/wp\/v2\/posts"}],"about":[{"href":"https:\/\/impactodenoticias.com.ar\/index.php?rest_route=\/wp\/v2\/types\/post"}],"author":[{"embeddable":true,"href":"https:\/\/impactodenoticias.com.ar\/index.php?rest_route=\/wp\/v2\/users\/2"}],"replies":[{"embeddable":true,"href":"https:\/\/impactodenoticias.com.ar\/index.php?rest_route=%2Fwp%2Fv2%2Fcomments&post=5020"}],"version-history":[{"count":1,"href":"https:\/\/impactodenoticias.com.ar\/index.php?rest_route=\/wp\/v2\/posts\/5020\/revisions"}],"predecessor-version":[{"id":5025,"href":"https:\/\/impactodenoticias.com.ar\/index.php?rest_route=\/wp\/v2\/posts\/5020\/revisions\/5025"}],"wp:featuredmedia":[{"embeddable":true,"href":"https:\/\/impactodenoticias.com.ar\/index.php?rest_route=\/wp\/v2\/media\/5024"}],"wp:attachment":[{"href":"https:\/\/impactodenoticias.com.ar\/index.php?rest_route=%2Fwp%2Fv2%2Fmedia&parent=5020"}],"wp:term":[{"taxonomy":"category","embeddable":true,"href":"https:\/\/impactodenoticias.com.ar\/index.php?rest_route=%2Fwp%2Fv2%2Fcategories&post=5020"},{"taxonomy":"post_tag","embeddable":true,"href":"https:\/\/impactodenoticias.com.ar\/index.php?rest_route=%2Fwp%2Fv2%2Ftags&post=5020"}],"curies":[{"name":"wp","href":"https:\/\/api.w.org\/{rel}","templated":true}]}}