{"id":5041,"date":"2024-10-04T10:05:22","date_gmt":"2024-10-04T13:05:22","guid":{"rendered":"https:\/\/impactodenoticias.com.ar\/?p=5041"},"modified":"2024-10-04T10:05:23","modified_gmt":"2024-10-04T13:05:23","slug":"brutal-pelea-en-hasenkamp-termino-con-una-joven-en-grave-estado","status":"publish","type":"post","link":"https:\/\/impactodenoticias.com.ar\/?p=5041","title":{"rendered":"Brutal pelea en Hasenkamp termin\u00f3 con una joven en grave estado"},"content":{"rendered":"\n<p class=\"has-medium-font-size\"><strong>En horas del mediod\u00eda del jueves, la Comisar\u00eda de Hasenkamp intervino en una violenta reyerta en la Escuela N\u00b0 71 Pedro Goyena, donde una pelea entre un grupo de mujeres dej\u00f3 a una joven de 22 a\u00f1os con m\u00faltiples lesiones, incluida una de gravedad.<\/strong><\/p>\n\n\n\n<p>De acuerdo a las informaciones, la brutal pelea se origin\u00f3 a ra\u00edz de un altercado entre los hijos de seis a\u00f1os de las involucradas. En el transcurso de la pelea, la v\u00edctima fue brutalmente golpeada por un grupo de cinco mujeres, lo que result\u00f3 en heridas diversas.<\/p>\n\n\n\n<p>La joven sufri\u00f3 heridas de arma blanca en la mano izquierda y en el muslo de la pierna izquierda, lo que motiv\u00f3 su traslado de urgencia al Hospital San Mart\u00edn de Paran\u00e1, donde se le realizaron suturas y actualmente permanece en observaci\u00f3n en la sala de cuidados intermedios.<\/p>\n\n\n\n<p>La Unidad Fiscal de Delitos Complejos, bajo la direcci\u00f3n de la Dra. Paola Farin\u00f3, ha tomado el caso, ordenando el arresto de las cinco imputadas, as\u00ed como el secuestro de prendas de vestir, tel\u00e9fonos celulares y otros elementos de inter\u00e9s para la investigaci\u00f3n. Las autoridades a caratularon el hecho como \u201cTentativa de Homicidio\u201d.<\/p>\n","protected":false},"excerpt":{"rendered":"<p>En horas del mediod&iacute;a del jueves, la Comisar&iacute;a de Hasenkamp intervino en una violenta reyerta en la Escuela N&deg; 71 Pedro Goyena, donde una pelea entre un grupo de mujeres dej&oacute; a una joven de 22 a&ntilde;os con m&uacute;ltiples lesiones, incluida una de gravedad. De acuerdo a las informaciones, la brutal pelea se origin&oacute; a [&hellip;]<\/p>\n","protected":false},"author":2,"featured_media":5042,"comment_status":"open","ping_status":"open","sticky":false,"template":"","format":"standard","meta":{"footnotes":""},"categories":[8,4],"tags":[460,2247,2055,1079,429],"class_list":["post-5041","post","type-post","status-publish","format-standard","has-post-thumbnail","hentry","category-policiales","category-provinciales","tag-grave","tag-hasenkamp","tag-herida","tag-mujeres","tag-pelea"],"_links":{"self":[{"href":"https:\/\/impactodenoticias.com.ar\/index.php?rest_route=\/wp\/v2\/posts\/5041","targetHints":{"allow":["GET"]}}],"collection":[{"href":"https:\/\/impactodenoticias.com.ar\/index.php?rest_route=\/wp\/v2\/posts"}],"about":[{"href":"https:\/\/impactodenoticias.com.ar\/index.php?rest_route=\/wp\/v2\/types\/post"}],"author":[{"embeddable":true,"href":"https:\/\/impactodenoticias.com.ar\/index.php?rest_route=\/wp\/v2\/users\/2"}],"replies":[{"embeddable":true,"href":"https:\/\/impactodenoticias.com.ar\/index.php?rest_route=%2Fwp%2Fv2%2Fcomments&post=5041"}],"version-history":[{"count":1,"href":"https:\/\/impactodenoticias.com.ar\/index.php?rest_route=\/wp\/v2\/posts\/5041\/revisions"}],"predecessor-version":[{"id":5043,"href":"https:\/\/impactodenoticias.com.ar\/index.php?rest_route=\/wp\/v2\/posts\/5041\/revisions\/5043"}],"wp:featuredmedia":[{"embeddable":true,"href":"https:\/\/impactodenoticias.com.ar\/index.php?rest_route=\/wp\/v2\/media\/5042"}],"wp:attachment":[{"href":"https:\/\/impactodenoticias.com.ar\/index.php?rest_route=%2Fwp%2Fv2%2Fmedia&parent=5041"}],"wp:term":[{"taxonomy":"category","embeddable":true,"href":"https:\/\/impactodenoticias.com.ar\/index.php?rest_route=%2Fwp%2Fv2%2Fcategories&post=5041"},{"taxonomy":"post_tag","embeddable":true,"href":"https:\/\/impactodenoticias.com.ar\/index.php?rest_route=%2Fwp%2Fv2%2Ftags&post=5041"}],"curies":[{"name":"wp","href":"https:\/\/api.w.org\/{rel}","templated":true}]}}