{"id":505,"date":"2024-06-27T22:24:38","date_gmt":"2024-06-28T01:24:38","guid":{"rendered":"https:\/\/impactodenoticias.com.ar\/?p=505"},"modified":"2024-06-27T22:24:39","modified_gmt":"2024-06-28T01:24:39","slug":"laura-stratta-en-la-mira-por-gastos-excesivos","status":"publish","type":"post","link":"https:\/\/impactodenoticias.com.ar\/?p=505","title":{"rendered":"Laura Stratta en la mira por gastos excesivos"},"content":{"rendered":"\n<p><strong>Laura Stratta fue la Vicegobernadora de la provincia de Entre R\u00edos durante la gesti\u00f3n 2019-2023 y, por lo tanto, presidi\u00f3 la administraci\u00f3n de la C\u00e1mara de Senadores.<\/strong><\/p>\n\n\n\n<p>La primera gran gesti\u00f3n de Laura Stratta fue redecorar su despacho con terminaci\u00f3n de lujo acorde a su vanidad.<\/p>\n\n\n\n<p>Pero m\u00e1s all\u00e1 de eso, fuentes confiables aseguran que la Presidenta de la C\u00e1mara de Senadores hizo un exceso y abuso de la partida de gastos de representaci\u00f3n del Senado y dicen en off, \u201csi llegan a realizar una auditoria seria sobre los gastos de representaci\u00f3n de Stratta quedar\u00e1n espantados\u201d.<\/p>\n\n\n\n<p>FUENTE: Radio La Voz<\/p>\n","protected":false},"excerpt":{"rendered":"<p>Laura Stratta fue la Vicegobernadora de la provincia de Entre R&iacute;os durante la gesti&oacute;n 2019-2023 y, por lo tanto, presidi&oacute; la administraci&oacute;n de la C&aacute;mara de Senadores. La primera gran gesti&oacute;n de Laura Stratta fue redecorar su despacho con terminaci&oacute;n de lujo acorde a su vanidad. Pero m&aacute;s all&aacute; de eso, fuentes confiables aseguran que [&hellip;]<\/p>\n","protected":false},"author":2,"featured_media":506,"comment_status":"open","ping_status":"open","sticky":false,"template":"","format":"standard","meta":{"footnotes":""},"categories":[3,11],"tags":[164,165],"class_list":["post-505","post","type-post","status-publish","format-standard","has-post-thumbnail","hentry","category-locales","category-politica","tag-laura-stratta","tag-senadores"],"_links":{"self":[{"href":"https:\/\/impactodenoticias.com.ar\/index.php?rest_route=\/wp\/v2\/posts\/505","targetHints":{"allow":["GET"]}}],"collection":[{"href":"https:\/\/impactodenoticias.com.ar\/index.php?rest_route=\/wp\/v2\/posts"}],"about":[{"href":"https:\/\/impactodenoticias.com.ar\/index.php?rest_route=\/wp\/v2\/types\/post"}],"author":[{"embeddable":true,"href":"https:\/\/impactodenoticias.com.ar\/index.php?rest_route=\/wp\/v2\/users\/2"}],"replies":[{"embeddable":true,"href":"https:\/\/impactodenoticias.com.ar\/index.php?rest_route=%2Fwp%2Fv2%2Fcomments&post=505"}],"version-history":[{"count":1,"href":"https:\/\/impactodenoticias.com.ar\/index.php?rest_route=\/wp\/v2\/posts\/505\/revisions"}],"predecessor-version":[{"id":507,"href":"https:\/\/impactodenoticias.com.ar\/index.php?rest_route=\/wp\/v2\/posts\/505\/revisions\/507"}],"wp:featuredmedia":[{"embeddable":true,"href":"https:\/\/impactodenoticias.com.ar\/index.php?rest_route=\/wp\/v2\/media\/506"}],"wp:attachment":[{"href":"https:\/\/impactodenoticias.com.ar\/index.php?rest_route=%2Fwp%2Fv2%2Fmedia&parent=505"}],"wp:term":[{"taxonomy":"category","embeddable":true,"href":"https:\/\/impactodenoticias.com.ar\/index.php?rest_route=%2Fwp%2Fv2%2Fcategories&post=505"},{"taxonomy":"post_tag","embeddable":true,"href":"https:\/\/impactodenoticias.com.ar\/index.php?rest_route=%2Fwp%2Fv2%2Ftags&post=505"}],"curies":[{"name":"wp","href":"https:\/\/api.w.org\/{rel}","templated":true}]}}