{"id":508,"date":"2024-06-28T09:39:46","date_gmt":"2024-06-28T12:39:46","guid":{"rendered":"https:\/\/impactodenoticias.com.ar\/?p=508"},"modified":"2024-06-28T09:39:47","modified_gmt":"2024-06-28T12:39:47","slug":"tiempo-en-entre-rios-se-pronostica-un-fin-de-semana-con-temperaturas-bajo-cero","status":"publish","type":"post","link":"https:\/\/impactodenoticias.com.ar\/?p=508","title":{"rendered":"Tiempo en Entre R\u00edos: se pronostica un fin de semana con temperaturas bajo cero"},"content":{"rendered":"\n<h3 class=\"wp-block-heading\">El viento sur arriba este viernes a la provincia y regi\u00f3n y se espera un fuerte descenso de temperaturas para este s\u00e1bado y domingo en Entre R\u00edos. Con heladas en casi todo el territorio provincial.<\/h3>\n\n\n\n<p>El Servicio Meteorol\u00f3gico Nacional -SMN- pronostica que para este viernes 28 de junio se esperan temperaturas m\u00ednimas de 7 grados y m\u00e1ximas de hasta 14 grados en Entre R\u00edos. Con el correr de las horas llegar\u00e1 el viento sur que traer\u00e1 una nueva ola polar a la regi\u00f3n.<\/p>\n\n\n\n<p>A partir de este s\u00e1bado descender\u00e1n a\u00fan m\u00e1s las temperaturas. Se anuncian temperaturas por debajo de los cero grados el fin de semana, sobre todo en las ciudades del sur de la provincia. El domingo ser\u00e1 el d\u00eda m\u00e1s fr\u00edo en el territorio provincial.<\/p>\n\n\n\n<p><\/p>\n\n\n\n<figure class=\"wp-block-image size-full\"><img loading=\"lazy\" decoding=\"async\" width=\"683\" height=\"557\" src=\"https:\/\/impactodenoticias.com.ar\/wp-content\/uploads\/2024\/06\/scrnli_28_6_2024_9-37-43.png\" alt=\"\" class=\"wp-image-509\" srcset=\"https:\/\/impactodenoticias.com.ar\/wp-content\/uploads\/2024\/06\/scrnli_28_6_2024_9-37-43.png 683w, https:\/\/impactodenoticias.com.ar\/wp-content\/uploads\/2024\/06\/scrnli_28_6_2024_9-37-43-300x245.png 300w\" sizes=\"auto, (max-width: 683px) 100vw, 683px\" \/><\/figure>\n\n\n\n<p><\/p>\n\n\n\n<p>En Paran\u00e1, La Paz, Diamante, Villaguay y Nogoy\u00e1 se pronostica que el domingo ser\u00e1 el d\u00eda m\u00e1s helado, con una m\u00ednima que llegar\u00eda a 1\u00b0C y una m\u00e1xima de 13\u00b0C.<\/p>\n\n\n\n<p>Mientras que en Concordia, Federal, Federaci\u00f3n, Feliciano y San Salvador espera para el domingo una m\u00ednima de 0\u00b0C y una m\u00e1xima de 12\u00b0C.<\/p>\n\n\n\n<p>En Col\u00f3n, Uruguay, Islas del Ibicuy, Tala y Gualeguaych\u00fa se anuncia tambi\u00e9n para el domingo m\u00ednima de -2\u00b0C y una m\u00e1xima de 12\u00b0C.<\/p>\n\n\n\n<p>Por su parte en Gualeguay y Victoria se aguardan m\u00ednimas de -1\u00b0C el domingo y m\u00e1ximas de hasta 15\u00b0C.<\/p>\n","protected":false},"excerpt":{"rendered":"<p>El viento sur arriba este viernes a la provincia y regi&oacute;n y se espera un fuerte descenso de temperaturas para este s&aacute;bado y domingo en Entre R&iacute;os. Con heladas en casi todo el territorio provincial. El Servicio Meteorol&oacute;gico Nacional -SMN- pronostica que para este viernes 28 de junio se esperan temperaturas m&iacute;nimas de 7 grados [&hellip;]<\/p>\n","protected":false},"author":2,"featured_media":510,"comment_status":"open","ping_status":"open","sticky":false,"template":"","format":"standard","meta":{"footnotes":""},"categories":[4,49],"tags":[38,33],"class_list":["post-508","post","type-post","status-publish","format-standard","has-post-thumbnail","hentry","category-provinciales","category-sociedad","tag-clima","tag-entre-rios"],"_links":{"self":[{"href":"https:\/\/impactodenoticias.com.ar\/index.php?rest_route=\/wp\/v2\/posts\/508","targetHints":{"allow":["GET"]}}],"collection":[{"href":"https:\/\/impactodenoticias.com.ar\/index.php?rest_route=\/wp\/v2\/posts"}],"about":[{"href":"https:\/\/impactodenoticias.com.ar\/index.php?rest_route=\/wp\/v2\/types\/post"}],"author":[{"embeddable":true,"href":"https:\/\/impactodenoticias.com.ar\/index.php?rest_route=\/wp\/v2\/users\/2"}],"replies":[{"embeddable":true,"href":"https:\/\/impactodenoticias.com.ar\/index.php?rest_route=%2Fwp%2Fv2%2Fcomments&post=508"}],"version-history":[{"count":1,"href":"https:\/\/impactodenoticias.com.ar\/index.php?rest_route=\/wp\/v2\/posts\/508\/revisions"}],"predecessor-version":[{"id":511,"href":"https:\/\/impactodenoticias.com.ar\/index.php?rest_route=\/wp\/v2\/posts\/508\/revisions\/511"}],"wp:featuredmedia":[{"embeddable":true,"href":"https:\/\/impactodenoticias.com.ar\/index.php?rest_route=\/wp\/v2\/media\/510"}],"wp:attachment":[{"href":"https:\/\/impactodenoticias.com.ar\/index.php?rest_route=%2Fwp%2Fv2%2Fmedia&parent=508"}],"wp:term":[{"taxonomy":"category","embeddable":true,"href":"https:\/\/impactodenoticias.com.ar\/index.php?rest_route=%2Fwp%2Fv2%2Fcategories&post=508"},{"taxonomy":"post_tag","embeddable":true,"href":"https:\/\/impactodenoticias.com.ar\/index.php?rest_route=%2Fwp%2Fv2%2Ftags&post=508"}],"curies":[{"name":"wp","href":"https:\/\/api.w.org\/{rel}","templated":true}]}}