{"id":5082,"date":"2024-10-05T10:55:58","date_gmt":"2024-10-05T13:55:58","guid":{"rendered":"https:\/\/impactodenoticias.com.ar\/?p=5082"},"modified":"2024-10-05T10:55:58","modified_gmt":"2024-10-05T13:55:58","slug":"atacaron-a-balazos-a-un-policia-en-parana-y-buscan-al-atacante","status":"publish","type":"post","link":"https:\/\/impactodenoticias.com.ar\/?p=5082","title":{"rendered":"Atacaron a balazos a un polic\u00eda en Paran\u00e1 y buscan al atacante"},"content":{"rendered":"\n<h2 class=\"wp-block-heading\">Un polic\u00eda fue baleado en la zona del puerto de Paran\u00e1, mientras cumpl\u00eda funciones. Tuvo que ser hospitalizado de urgencia.<\/h2>\n\n\n\n<p>El funcionario policial fue baleado en Paran\u00e1 en horas de la madrugada y tuvo que ser internado en el Hospital San Mart\u00edn. Seg\u00fan se inform\u00f3, las heridas no revestir\u00edan gravedad y su vida no correr\u00eda peligro. El ataque se produjo en la zona del puerto de la ciudad y el autor se dio a la fuga, siendo buscado intensamente.<\/p>\n\n\n\n<p>Seg\u00fan se inform\u00f3 a <strong>IMPACTO DE NOTICIAS<\/strong>, en el taller de la Guardia de Infanter\u00eda (G.I.A.), ubicado detr\u00e1s de los galpones en el predio de V\u00edas Navegables, en calle Liniers 395, un funcionario policial de 46 a\u00f1os fue baleado en el abdomen y fue trasladado de urgencia al hospital.<\/p>\n\n\n\n<p>La v\u00edctima y otro de sus compa\u00f1eros se encontraban de servicio cuando escucharon un ruido en los techos de los galpones. Uno de los polic\u00edas fue a corroborar lo sucedido y recibi\u00f3 un disparo por parte de un sujeto.<\/p>\n\n\n\n<p>El atacante se dio a la fuga por los techos y est\u00e1 siendo buscado intensamente por las autoridades. La v\u00edctima, seg\u00fan el reporte policial, sufri\u00f3 una herida de arma de fuego a la altura del abdomen, en el lado derecho, con orificio de entrada y salida.<\/p>\n","protected":false},"excerpt":{"rendered":"<p>Un polic&iacute;a fue baleado en la zona del puerto de Paran&aacute;, mientras cumpl&iacute;a funciones. Tuvo que ser hospitalizado de urgencia. El funcionario policial fue baleado en Paran&aacute; en horas de la madrugada y tuvo que ser internado en el Hospital San Mart&iacute;n. Seg&uacute;n se inform&oacute;, las heridas no revestir&iacute;an gravedad y su vida no correr&iacute;a [&hellip;]<\/p>\n","protected":false},"author":2,"featured_media":5083,"comment_status":"open","ping_status":"open","sticky":false,"template":"","format":"standard","meta":{"footnotes":""},"categories":[3,8],"tags":[2265,1833,95,658,2266],"class_list":["post-5082","post","type-post","status-publish","format-standard","has-post-thumbnail","hentry","category-locales","category-policiales","tag-atacaron","tag-balazos","tag-parana","tag-policia-2","tag-puerto"],"_links":{"self":[{"href":"https:\/\/impactodenoticias.com.ar\/index.php?rest_route=\/wp\/v2\/posts\/5082","targetHints":{"allow":["GET"]}}],"collection":[{"href":"https:\/\/impactodenoticias.com.ar\/index.php?rest_route=\/wp\/v2\/posts"}],"about":[{"href":"https:\/\/impactodenoticias.com.ar\/index.php?rest_route=\/wp\/v2\/types\/post"}],"author":[{"embeddable":true,"href":"https:\/\/impactodenoticias.com.ar\/index.php?rest_route=\/wp\/v2\/users\/2"}],"replies":[{"embeddable":true,"href":"https:\/\/impactodenoticias.com.ar\/index.php?rest_route=%2Fwp%2Fv2%2Fcomments&post=5082"}],"version-history":[{"count":1,"href":"https:\/\/impactodenoticias.com.ar\/index.php?rest_route=\/wp\/v2\/posts\/5082\/revisions"}],"predecessor-version":[{"id":5084,"href":"https:\/\/impactodenoticias.com.ar\/index.php?rest_route=\/wp\/v2\/posts\/5082\/revisions\/5084"}],"wp:featuredmedia":[{"embeddable":true,"href":"https:\/\/impactodenoticias.com.ar\/index.php?rest_route=\/wp\/v2\/media\/5083"}],"wp:attachment":[{"href":"https:\/\/impactodenoticias.com.ar\/index.php?rest_route=%2Fwp%2Fv2%2Fmedia&parent=5082"}],"wp:term":[{"taxonomy":"category","embeddable":true,"href":"https:\/\/impactodenoticias.com.ar\/index.php?rest_route=%2Fwp%2Fv2%2Fcategories&post=5082"},{"taxonomy":"post_tag","embeddable":true,"href":"https:\/\/impactodenoticias.com.ar\/index.php?rest_route=%2Fwp%2Fv2%2Ftags&post=5082"}],"curies":[{"name":"wp","href":"https:\/\/api.w.org\/{rel}","templated":true}]}}