{"id":5105,"date":"2024-10-05T12:02:18","date_gmt":"2024-10-05T15:02:18","guid":{"rendered":"https:\/\/impactodenoticias.com.ar\/?p=5105"},"modified":"2024-10-06T09:57:32","modified_gmt":"2024-10-06T12:57:32","slug":"acompanantes-terapeuticos-reclamaron-frente-a-la-sede-del-iosper-en-concordia","status":"publish","type":"post","link":"https:\/\/impactodenoticias.com.ar\/?p=5105","title":{"rendered":"Acompa\u00f1antes terap\u00e9uticos reclamaron frente a la sede del IOSPER en Concordia"},"content":{"rendered":"\n<h3 class=\"wp-block-heading\">Este viernes, en la sede local del IOSPER, se realiz\u00f3 una acci\u00f3n de protesta por parte de acompa\u00f1antes terap\u00e9uticos matriculados. El reclamo responde a un paro federal por pagos atrasados.<\/h3>\n\n\n\n<p>Una de las manifestantes, Mar\u00eda Elordi se\u00f1al\u00f3 que la protesta se repiti\u00f3 \u00aben las puertas de las diferentes delegaciones del IOSPER, por el reclamo de pagos atrasados, que hasta llegan a ser de m\u00e1s de 90 d\u00edas\u00bb.<\/p>\n\n\n\n<p>Adem\u00e1s explic\u00f3 que \u00abjustamente depositaron un mes, en la madrugada de este viernes, es decir un pago atrasado a m\u00e1s de 90 d\u00edas\u00bb.<\/p>\n\n\n\n<p>Dentro de lo que es el convenio con la obra social, tambi\u00e9n se reclama para \u00abque se pueda abrir al di\u00e1logo el IOSPER y hacer las modificaciones porque el valor hora que establece ese arreglo con los acompa\u00f1antes terap\u00e9uticos no cubren ni el 50% de lo que es el valor hora m\u00ednimo \u00e9tico que cobramos los acompa\u00f1antes terap\u00e9uticos por nuestro trabajo\u00bb.<\/p>\n\n\n\n<p>Y a\u00f1adi\u00f3 que el objetivo, es que se puedan modificar \u00abciertas condiciones del convenio que permitan que esos montos suban para poder tener una vida digna, m\u00ednimamente\u00bb.<\/p>\n\n\n\n<p>En el caso de los \u00abque estamos por fuera de convenio, porque hemos decidido no adherirnos, tambi\u00e9n estamos cobrando a 60, 90 d\u00edas porque la \u00fanica forma de cobrar es bajo alg\u00fan apercibimiento judicial; no estamos pudiendo cobrar de otra forma\u00bb, subray\u00f3.<\/p>\n\n\n\n<p>Puntualiz\u00f3, \u00abpara poder cobrar, debemos recurrir a un abogado para que pueda hacer un embargo, una ejecuci\u00f3n y reci\u00e9n ah\u00ed podemos estar cobrando\u00bb.<\/p>\n\n\n\n<p>Elordi mencion\u00f3 que \u00ablos AT de la provincia, somos aproximadamente 500, y con IOSPER se calcula que trabajan m\u00e1s del 50%, o sea estamos hablando de 300, 350 personas que estamos cobrando por nuestro trabajo a 60 o 90 d\u00edas y hay gente que hace como siete meses que no cobra\u00bb.<\/p>\n\n\n\n<p>No obstante, explic\u00f3 que la irregularidad \u00abno solo sucede con IOSPER, pero en este caso decidimos hacer la medida frente a la sede porque es la mayor obra social de la provincia y la que mayor casos deriva\u00bb.<\/p>\n\n\n\n<p>Cont\u00f3, \u00abninguna obra social paga antes de los 60 d\u00edas y eso es algo que se est\u00e1 naturalizando\u00bb. Seg\u00fan agreg\u00f3 la profesional \u00abla lucha es para que se regularicen los montos, que sean al m\u00ednimo \u00e9tico, que en este momento est\u00e1 a un valor de 8.000 pesos la hora, mientras que el IOSPER en este momento est\u00e1 pagando $3.910 pesos\u00bb.<\/p>\n\n\n\n<p>Finalizando, se\u00f1al\u00f3 que autoridades del Colegio y del IOSPER estuvieron reunidos pero \u00abno se lleg\u00f3 a ning\u00fan acuerdo, solo excusas y excusas pero no se pudo llegar a ning\u00fan acuerdo, por lo que por ahora seguimos en este plan de lucha, en donde el pr\u00f3ximo martes 8, haremos concentraci\u00f3n y paro y si para el jueves 10 no hay ninguna resoluci\u00f3n de este conflicto se va a llamar a una suspensi\u00f3n de la prestaci\u00f3n directamente\u00bb.<\/p>\n","protected":false},"excerpt":{"rendered":"<p>Este viernes, en la sede local del IOSPER, se realiz&oacute; una acci&oacute;n de protesta por parte de acompa&ntilde;antes terap&eacute;uticos matriculados. El reclamo responde a un paro federal por pagos atrasados. Una de las manifestantes, Mar&iacute;a Elordi se&ntilde;al&oacute; que la protesta se repiti&oacute; &laquo;en las puertas de las diferentes delegaciones del IOSPER, por el reclamo de [&hellip;]<\/p>\n","protected":false},"author":2,"featured_media":5106,"comment_status":"open","ping_status":"open","sticky":false,"template":"","format":"standard","meta":{"footnotes":""},"categories":[91,11,4],"tags":[329,1453],"class_list":["post-5105","post","type-post","status-publish","format-standard","has-post-thumbnail","hentry","category-gremiales","category-politica","category-provinciales","tag-iosper","tag-reclamo"],"_links":{"self":[{"href":"https:\/\/impactodenoticias.com.ar\/index.php?rest_route=\/wp\/v2\/posts\/5105","targetHints":{"allow":["GET"]}}],"collection":[{"href":"https:\/\/impactodenoticias.com.ar\/index.php?rest_route=\/wp\/v2\/posts"}],"about":[{"href":"https:\/\/impactodenoticias.com.ar\/index.php?rest_route=\/wp\/v2\/types\/post"}],"author":[{"embeddable":true,"href":"https:\/\/impactodenoticias.com.ar\/index.php?rest_route=\/wp\/v2\/users\/2"}],"replies":[{"embeddable":true,"href":"https:\/\/impactodenoticias.com.ar\/index.php?rest_route=%2Fwp%2Fv2%2Fcomments&post=5105"}],"version-history":[{"count":2,"href":"https:\/\/impactodenoticias.com.ar\/index.php?rest_route=\/wp\/v2\/posts\/5105\/revisions"}],"predecessor-version":[{"id":5108,"href":"https:\/\/impactodenoticias.com.ar\/index.php?rest_route=\/wp\/v2\/posts\/5105\/revisions\/5108"}],"wp:featuredmedia":[{"embeddable":true,"href":"https:\/\/impactodenoticias.com.ar\/index.php?rest_route=\/wp\/v2\/media\/5106"}],"wp:attachment":[{"href":"https:\/\/impactodenoticias.com.ar\/index.php?rest_route=%2Fwp%2Fv2%2Fmedia&parent=5105"}],"wp:term":[{"taxonomy":"category","embeddable":true,"href":"https:\/\/impactodenoticias.com.ar\/index.php?rest_route=%2Fwp%2Fv2%2Fcategories&post=5105"},{"taxonomy":"post_tag","embeddable":true,"href":"https:\/\/impactodenoticias.com.ar\/index.php?rest_route=%2Fwp%2Fv2%2Ftags&post=5105"}],"curies":[{"name":"wp","href":"https:\/\/api.w.org\/{rel}","templated":true}]}}