{"id":5137,"date":"2024-10-06T09:48:04","date_gmt":"2024-10-06T12:48:04","guid":{"rendered":"https:\/\/impactodenoticias.com.ar\/?p=5137"},"modified":"2024-10-07T10:09:11","modified_gmt":"2024-10-07T13:09:11","slug":"arretaron-en-parana-al-padre-de-la-beba-golpeada-que-se-encuentra-internada-en-el-hospital-san-roque","status":"publish","type":"post","link":"https:\/\/impactodenoticias.com.ar\/?p=5137","title":{"rendered":"Arrestaron en Paran\u00e1 al padre de la beba golpeada que se encuentra internada en el hospital San Roque"},"content":{"rendered":"\n<p class=\"has-medium-font-size\"><strong>El sujeto est\u00e1 sospechado de ser el autor de los golpes que padeci\u00f3 la peque\u00f1a de cinco meses. La nena contin\u00faa internada.<\/strong><\/p>\n\n\n\n<p>El padre de beba de cinco meses que est\u00e1 internada con graves lesiones en el Hospital San Roque de Paran\u00e1 fue detenido en las \u00faltimas horas, sospechado de ser el posible autor de los golpes que sufri\u00f3 la peque\u00f1a.<\/p>\n\n\n\n<p>Su arresto se produjo este s\u00e1bado en el nosocomio de la capital. El sujeto ya est\u00e1 a disposici\u00f3n de la Justicia, que investiga lo sucedido a trav\u00e9s del Juzgado de Garant\u00edas N\u00b0 1, a instancias de una denuncia radicada por el defensor de Menores luego de conocer lo sucedido.<\/p>\n\n\n\n<p>Cabe se\u00f1alar que la ni\u00f1a lleg\u00f3 a Paran\u00e1 trasladada de urgencia desde Concepci\u00f3n del Uruguay, donde hab\u00eda sido examinada en primera instancia por problemas respiratorios. Durante el procedimiento los m\u00e9dicos se percataron de terribles lesiones en todo su cuerpo, que inclu\u00edan fracturas en las costillas y en el cr\u00e1neo, adem\u00e1s de hematomas en diversos lugares. Como consecuencia, dieron aviso a las autoridades, resguardaron a la menor y la derivaron.<\/p>\n\n\n\n<p>La madre de la ni\u00f1a argument\u00f3 que las lesiones eran consecuencia de accidentes dom\u00e9sticos. La casa de la familia, ubicada en Villa Mantero, fue allanada en la tarde del viernes, donde se incautaron elementos de inter\u00e9s para la causa.<\/p>\n","protected":false},"excerpt":{"rendered":"<p>El sujeto est&aacute; sospechado de ser el autor de los golpes que padeci&oacute; la peque&ntilde;a de cinco meses. La nena contin&uacute;a internada. El padre de beba de cinco meses que est&aacute; internada con graves lesiones en el Hospital San Roque de Paran&aacute; fue detenido en las &uacute;ltimas horas, sospechado de ser el posible autor de [&hellip;]<\/p>\n","protected":false},"author":2,"featured_media":5138,"comment_status":"open","ping_status":"open","sticky":false,"template":"","format":"standard","meta":{"footnotes":""},"categories":[90,3,8],"tags":[2263,324,2284,141,2285,95,999],"class_list":["post-5137","post","type-post","status-publish","format-standard","has-post-thumbnail","hentry","category-judicial","category-locales","category-policiales","tag-beba","tag-concepcion-del-uruguay","tag-detuvieron","tag-hospital","tag-padre","tag-parana","tag-san-roque"],"_links":{"self":[{"href":"https:\/\/impactodenoticias.com.ar\/index.php?rest_route=\/wp\/v2\/posts\/5137","targetHints":{"allow":["GET"]}}],"collection":[{"href":"https:\/\/impactodenoticias.com.ar\/index.php?rest_route=\/wp\/v2\/posts"}],"about":[{"href":"https:\/\/impactodenoticias.com.ar\/index.php?rest_route=\/wp\/v2\/types\/post"}],"author":[{"embeddable":true,"href":"https:\/\/impactodenoticias.com.ar\/index.php?rest_route=\/wp\/v2\/users\/2"}],"replies":[{"embeddable":true,"href":"https:\/\/impactodenoticias.com.ar\/index.php?rest_route=%2Fwp%2Fv2%2Fcomments&post=5137"}],"version-history":[{"count":2,"href":"https:\/\/impactodenoticias.com.ar\/index.php?rest_route=\/wp\/v2\/posts\/5137\/revisions"}],"predecessor-version":[{"id":5148,"href":"https:\/\/impactodenoticias.com.ar\/index.php?rest_route=\/wp\/v2\/posts\/5137\/revisions\/5148"}],"wp:featuredmedia":[{"embeddable":true,"href":"https:\/\/impactodenoticias.com.ar\/index.php?rest_route=\/wp\/v2\/media\/5138"}],"wp:attachment":[{"href":"https:\/\/impactodenoticias.com.ar\/index.php?rest_route=%2Fwp%2Fv2%2Fmedia&parent=5137"}],"wp:term":[{"taxonomy":"category","embeddable":true,"href":"https:\/\/impactodenoticias.com.ar\/index.php?rest_route=%2Fwp%2Fv2%2Fcategories&post=5137"},{"taxonomy":"post_tag","embeddable":true,"href":"https:\/\/impactodenoticias.com.ar\/index.php?rest_route=%2Fwp%2Fv2%2Ftags&post=5137"}],"curies":[{"name":"wp","href":"https:\/\/api.w.org\/{rel}","templated":true}]}}