{"id":5195,"date":"2024-10-08T10:08:33","date_gmt":"2024-10-08T13:08:33","guid":{"rendered":"https:\/\/impactodenoticias.com.ar\/?p=5195"},"modified":"2024-10-09T09:53:44","modified_gmt":"2024-10-09T12:53:44","slug":"parana-este-miercoles-se-inician-las-obras-en-la-distribucion-de-agua-potable","status":"publish","type":"post","link":"https:\/\/impactodenoticias.com.ar\/?p=5195","title":{"rendered":"Paran\u00e1: este mi\u00e9rcoles se inician las obras en la distribuci\u00f3n de agua potable"},"content":{"rendered":"\n<h3 class=\"wp-block-heading\">Por obras de extensi\u00f3n, se interrumpir\u00e1 el suministro de agua en una zona de Paran\u00e1 a partir de este mi\u00e9rcoles.<\/h3>\n\n\n\n<p>Este mi\u00e9rcoles se llevar\u00e1 a cabo un corte de agua programado que tendr\u00e1 aproximadamente 36 horas de extensi\u00f3n en la zona este de Paran\u00e1. La obra, que es impulsada por la Municipalidad, busca transformar el sistema de distribuci\u00f3n de agua potable.<\/p>\n\n\n\n<p>El secretario de Planeamiento de la Municipalidad, Eduardo Lor\u00e9fice, se\u00f1al\u00f3 este lunes que el corte comenzar\u00e1 el mi\u00e9rcoles a las 4 de la madrugada y que llevar\u00e1 \u201ccomo mucho\u201d un d\u00eda y medio: 36 horas. Es decir que el servicio deber\u00eda reestablecerse recien en horas de la tarde del jueves.<\/p>\n\n\n\n<p>Se trata de un paso fundamental en la ejecuci\u00f3n de la obra que permitir\u00e1 una mejor prestaci\u00f3n del servicio en los sectores de la ciudad que son provistos por los centros de distribuci\u00f3n Lola Mora y Parque del Lago, es decir Este y Sureste, ya que brindar\u00e1 un mayor volumen en los niveles de reserva y amortiguar\u00e1 los efectos de cortes por mantenimientos habituales, se\u00f1alaron.<\/p>\n\n\n\n<p>La interrupci\u00f3n del suministro afectar\u00e1 desde calle Ayacucho y Artigas hasta el l\u00edmite Este de la ciudad.<\/p>\n\n\n\n<p>Se trabajar\u00e1 en la vinculaci\u00f3n de la ca\u00f1er\u00eda complementaria mediante la colocaci\u00f3n de un ramal en la salida de bombeo, junto con la incorporaci\u00f3n de dos v\u00e1lvulas y las respectivas piezas de adaptaci\u00f3n de cada material.<\/p>\n","protected":false},"excerpt":{"rendered":"<p>Por obras de extensi&oacute;n, se interrumpir&aacute; el suministro de agua en una zona de Paran&aacute; a partir de este mi&eacute;rcoles. Este mi&eacute;rcoles se llevar&aacute; a cabo un corte de agua programado que tendr&aacute; aproximadamente 36 horas de extensi&oacute;n en la zona este de Paran&aacute;. La obra, que es impulsada por la Municipalidad, busca transformar el [&hellip;]<\/p>\n","protected":false},"author":2,"featured_media":5196,"comment_status":"open","ping_status":"open","sticky":false,"template":"","format":"standard","meta":{"footnotes":""},"categories":[3,1902],"tags":[878,720,1195,716,95,1194],"class_list":["post-5195","post","type-post","status-publish","format-standard","has-post-thumbnail","hentry","category-locales","category-municipales","tag-agua","tag-eduardo-lorefice","tag-este","tag-obras","tag-parana","tag-potable"],"_links":{"self":[{"href":"https:\/\/impactodenoticias.com.ar\/index.php?rest_route=\/wp\/v2\/posts\/5195","targetHints":{"allow":["GET"]}}],"collection":[{"href":"https:\/\/impactodenoticias.com.ar\/index.php?rest_route=\/wp\/v2\/posts"}],"about":[{"href":"https:\/\/impactodenoticias.com.ar\/index.php?rest_route=\/wp\/v2\/types\/post"}],"author":[{"embeddable":true,"href":"https:\/\/impactodenoticias.com.ar\/index.php?rest_route=\/wp\/v2\/users\/2"}],"replies":[{"embeddable":true,"href":"https:\/\/impactodenoticias.com.ar\/index.php?rest_route=%2Fwp%2Fv2%2Fcomments&post=5195"}],"version-history":[{"count":1,"href":"https:\/\/impactodenoticias.com.ar\/index.php?rest_route=\/wp\/v2\/posts\/5195\/revisions"}],"predecessor-version":[{"id":5197,"href":"https:\/\/impactodenoticias.com.ar\/index.php?rest_route=\/wp\/v2\/posts\/5195\/revisions\/5197"}],"wp:featuredmedia":[{"embeddable":true,"href":"https:\/\/impactodenoticias.com.ar\/index.php?rest_route=\/wp\/v2\/media\/5196"}],"wp:attachment":[{"href":"https:\/\/impactodenoticias.com.ar\/index.php?rest_route=%2Fwp%2Fv2%2Fmedia&parent=5195"}],"wp:term":[{"taxonomy":"category","embeddable":true,"href":"https:\/\/impactodenoticias.com.ar\/index.php?rest_route=%2Fwp%2Fv2%2Fcategories&post=5195"},{"taxonomy":"post_tag","embeddable":true,"href":"https:\/\/impactodenoticias.com.ar\/index.php?rest_route=%2Fwp%2Fv2%2Ftags&post=5195"}],"curies":[{"name":"wp","href":"https:\/\/api.w.org\/{rel}","templated":true}]}}