{"id":520,"date":"2024-06-28T10:22:06","date_gmt":"2024-06-28T13:22:06","guid":{"rendered":"https:\/\/impactodenoticias.com.ar\/?p=520"},"modified":"2024-06-28T10:22:14","modified_gmt":"2024-06-28T13:22:14","slug":"entre-rios-club-de-la-ciudad-de-federal-pidio-por-la-aparicion-de-loan","status":"publish","type":"post","link":"https:\/\/impactodenoticias.com.ar\/?p=520","title":{"rendered":"Entre R\u00edos: club de la ciudad de Federal pidi\u00f3 por la aparici\u00f3n de Loan"},"content":{"rendered":"\n<p><strong>El club Defensores del Sur sali\u00f3 a la cancha con un cartel con la consigna \u00abdevuelvan a Loan\u00bb el ni\u00f1o desaparecido en la vecina provincia de Corrientes.<\/strong><\/p>\n\n\n\n<p>El club Defensores del Sur de la ciudad de Federal, sali\u00f3 a la cancha con un cartel con la consigna \u00abdevuelvan a Loan\u00bb el ni\u00f1o desaparecido en la vecina provincia de Corrientes. Los jugadores del equipo de f\u00fatbol de la Liga Federalense se sumaron a la campa\u00f1a que tiene en vilo a todo el pa\u00eds en la previa de un partido.<\/p>\n\n\n\n<p>Cabe recordar que Loan Pe\u00f1a, el ni\u00f1o de cinco a\u00f1os de la localidad correntina El Algarrobal, se encuentra desaparecido desde el 13 de junio. Inicialmente se sospechaba que se hab\u00eda perdido, la semana pasada el caso dio un giro de 180 grados y ahora se sospecha que fue secuestrado y es v\u00edctima de una red de trata, tambi\u00e9n se sum\u00f3 ahora la pista que indica que podr\u00eda haber sido atropellado por la camioneta que conduc\u00eda uno de los detenidos, Carlos P\u00e9rez, y lo habr\u00edan entrerrado en alg\u00fan terrono cercano a la casa de la abuela del menor.<\/p>\n","protected":false},"excerpt":{"rendered":"<p>El club Defensores del Sur sali&oacute; a la cancha con un cartel con la consigna &laquo;devuelvan a Loan&raquo; el ni&ntilde;o desaparecido en la vecina provincia de Corrientes. El club Defensores del Sur de la ciudad de Federal, sali&oacute; a la cancha con un cartel con la consigna &laquo;devuelvan a Loan&raquo; el ni&ntilde;o desaparecido en la [&hellip;]<\/p>\n","protected":false},"author":2,"featured_media":521,"comment_status":"open","ping_status":"open","sticky":false,"template":"","format":"standard","meta":{"footnotes":""},"categories":[7,8,4],"tags":[178,180,179,33,177,181],"class_list":["post-520","post","type-post","status-publish","format-standard","has-post-thumbnail","hentry","category-deportes","category-policiales","category-provinciales","tag-cartel","tag-corrientes","tag-defensores-del-sur","tag-entre-rios","tag-federal","tag-loan-danilo-pena"],"_links":{"self":[{"href":"https:\/\/impactodenoticias.com.ar\/index.php?rest_route=\/wp\/v2\/posts\/520","targetHints":{"allow":["GET"]}}],"collection":[{"href":"https:\/\/impactodenoticias.com.ar\/index.php?rest_route=\/wp\/v2\/posts"}],"about":[{"href":"https:\/\/impactodenoticias.com.ar\/index.php?rest_route=\/wp\/v2\/types\/post"}],"author":[{"embeddable":true,"href":"https:\/\/impactodenoticias.com.ar\/index.php?rest_route=\/wp\/v2\/users\/2"}],"replies":[{"embeddable":true,"href":"https:\/\/impactodenoticias.com.ar\/index.php?rest_route=%2Fwp%2Fv2%2Fcomments&post=520"}],"version-history":[{"count":1,"href":"https:\/\/impactodenoticias.com.ar\/index.php?rest_route=\/wp\/v2\/posts\/520\/revisions"}],"predecessor-version":[{"id":522,"href":"https:\/\/impactodenoticias.com.ar\/index.php?rest_route=\/wp\/v2\/posts\/520\/revisions\/522"}],"wp:featuredmedia":[{"embeddable":true,"href":"https:\/\/impactodenoticias.com.ar\/index.php?rest_route=\/wp\/v2\/media\/521"}],"wp:attachment":[{"href":"https:\/\/impactodenoticias.com.ar\/index.php?rest_route=%2Fwp%2Fv2%2Fmedia&parent=520"}],"wp:term":[{"taxonomy":"category","embeddable":true,"href":"https:\/\/impactodenoticias.com.ar\/index.php?rest_route=%2Fwp%2Fv2%2Fcategories&post=520"},{"taxonomy":"post_tag","embeddable":true,"href":"https:\/\/impactodenoticias.com.ar\/index.php?rest_route=%2Fwp%2Fv2%2Ftags&post=520"}],"curies":[{"name":"wp","href":"https:\/\/api.w.org\/{rel}","templated":true}]}}