{"id":523,"date":"2024-06-28T10:47:07","date_gmt":"2024-06-28T13:47:07","guid":{"rendered":"https:\/\/impactodenoticias.com.ar\/?p=523"},"modified":"2024-06-28T10:47:08","modified_gmt":"2024-06-28T13:47:08","slug":"concordia-un-hombre-habria-intentado-asesinar-a-su-pareja-y-luego-se-suicido","status":"publish","type":"post","link":"https:\/\/impactodenoticias.com.ar\/?p=523","title":{"rendered":"Concordia: un hombre habr\u00eda intentado asesinar a su pareja y luego se suicid\u00f3"},"content":{"rendered":"\n<p><strong>La impactante sucesi\u00f3n de hechos se produjo en la tarde de este jueves, en la zona oeste de Concordia. La mujer atacada est\u00e1 internada en el hospital Masvernat con una grave herida en zona de la cabeza.<\/strong><\/p>\n\n\n\n<p>De acuerdo a los primeros datos recabados por <strong>IMPACTO DE NOTICIAS<\/strong>, cerca de las 17 de este jueves, en un domicilio de calle Espa\u00f1a y calle 53 (noroeste de Concordia), se gener\u00f3 una discusi\u00f3n entre una pareja, conformada por un var\u00f3n de 31 a\u00f1os y una mujer de 32 a\u00f1os de edad.<\/p>\n\n\n\n<p>Seg\u00fan los primeros indicios, el hombre identificado como Jos\u00e9 Garc\u00eda, habr\u00eda atacado con un arma de fuego a la mujer -de nombre Valer\u00eda- efectu\u00e1ndole al menos dos disparos, los que impactaron en su cabeza y en su brazo izquierdo.<\/p>\n\n\n\n<p>Una vez perpetrado el brutal ataque, el supuesto agresor se retir\u00f3 del lugar para dispararse en la zona de la cabeza, lo que le provoc\u00f3 una muerte inmediata.<\/p>\n\n\n\n<p>Mientras que la mujer fue trasladada de urgencia a la guardia del hospital Masvernat, donde se diagnostic\u00f3 que presentaba una herida de bala en zona de parietal izquierdo y otro impacto de bala en uno de sus brazos. Debido a la delicadeza de la primera lesi\u00f3n, se estima qye ser\u00eda derivada a la sala de Terapia Intensiva.<\/p>\n\n\n\n<p>En el lugar del hecho tomaron intervenci\u00f3n efectivos de las divisiones Criminal\u00edstica y de Investigaciones, y dem\u00e1s funcionarios judiciales.<\/p>\n","protected":false},"excerpt":{"rendered":"<p>La impactante sucesi&oacute;n de hechos se produjo en la tarde de este jueves, en la zona oeste de Concordia. La mujer atacada est&aacute; internada en el hospital Masvernat con una grave herida en zona de la cabeza. De acuerdo a los primeros datos recabados por IMPACTO DE NOTICIAS, cerca de las 17 de este jueves, [&hellip;]<\/p>\n","protected":false},"author":2,"featured_media":524,"comment_status":"open","ping_status":"open","sticky":false,"template":"","format":"standard","meta":{"footnotes":""},"categories":[8,4],"tags":[183,72,146,141,186,142,182,185],"class_list":["post-523","post","type-post","status-publish","format-standard","has-post-thumbnail","hentry","category-policiales","category-provinciales","tag-ataque","tag-concordia","tag-hombre","tag-hospital","tag-jose-garcia","tag-masvernat","tag-mujer","tag-suicidio"],"_links":{"self":[{"href":"https:\/\/impactodenoticias.com.ar\/index.php?rest_route=\/wp\/v2\/posts\/523","targetHints":{"allow":["GET"]}}],"collection":[{"href":"https:\/\/impactodenoticias.com.ar\/index.php?rest_route=\/wp\/v2\/posts"}],"about":[{"href":"https:\/\/impactodenoticias.com.ar\/index.php?rest_route=\/wp\/v2\/types\/post"}],"author":[{"embeddable":true,"href":"https:\/\/impactodenoticias.com.ar\/index.php?rest_route=\/wp\/v2\/users\/2"}],"replies":[{"embeddable":true,"href":"https:\/\/impactodenoticias.com.ar\/index.php?rest_route=%2Fwp%2Fv2%2Fcomments&post=523"}],"version-history":[{"count":1,"href":"https:\/\/impactodenoticias.com.ar\/index.php?rest_route=\/wp\/v2\/posts\/523\/revisions"}],"predecessor-version":[{"id":525,"href":"https:\/\/impactodenoticias.com.ar\/index.php?rest_route=\/wp\/v2\/posts\/523\/revisions\/525"}],"wp:featuredmedia":[{"embeddable":true,"href":"https:\/\/impactodenoticias.com.ar\/index.php?rest_route=\/wp\/v2\/media\/524"}],"wp:attachment":[{"href":"https:\/\/impactodenoticias.com.ar\/index.php?rest_route=%2Fwp%2Fv2%2Fmedia&parent=523"}],"wp:term":[{"taxonomy":"category","embeddable":true,"href":"https:\/\/impactodenoticias.com.ar\/index.php?rest_route=%2Fwp%2Fv2%2Fcategories&post=523"},{"taxonomy":"post_tag","embeddable":true,"href":"https:\/\/impactodenoticias.com.ar\/index.php?rest_route=%2Fwp%2Fv2%2Ftags&post=523"}],"curies":[{"name":"wp","href":"https:\/\/api.w.org\/{rel}","templated":true}]}}