{"id":5257,"date":"2024-10-09T10:20:20","date_gmt":"2024-10-09T13:20:20","guid":{"rendered":"https:\/\/impactodenoticias.com.ar\/?p=5257"},"modified":"2024-10-10T10:34:16","modified_gmt":"2024-10-10T13:34:16","slug":"ate-califico-de-insuficiente-la-propuesta-del-ejecutivo-entrerriano","status":"publish","type":"post","link":"https:\/\/impactodenoticias.com.ar\/?p=5257","title":{"rendered":"ATE calific\u00f3 de \u00abinsuficiente\u00bb la propuesta del Ejecutivo entrerriano"},"content":{"rendered":"\n<h3 class=\"wp-block-heading\">En el Plenario, se declar\u00f3 en estado de Asamblea Permanente y se estableci\u00f3 una nueva fecha para la reuni\u00f3n de los delegados presencial, ser\u00e1 el pr\u00f3ximo jueves luego del encuentro paritario pactado para el pr\u00f3ximo lunes, en que llevar\u00e1n una contrapuesta.<\/h3>\n\n\n\n<p>Tambi\u00e9n se sumar\u00e1n al paro nacional de Salud por el cierre del Hospital Laura Bonaparte. Se anticip\u00f3 que la CTA de los Trabajadores y CTA Aut\u00f3noma mantendr\u00e1n una reuni\u00f3n en la provincia para unificar criterios de cara al 2026.<\/p>\n\n\n\n<p>Tras el Plenario, ATE se\u00f1al\u00f3 que la propuesta del Ejecutivo en el \u00faltimo encuentro pariario es \u201cinsuficiente\u201d. Vale recordar que la oferta consist\u00eda de: Cl\u00e1usula gatillo los meses de octbre, noviembre y diciembre; sumar un 6,55% correspondiente a parte de lo perdido en el primer semestre dividido en tres cuotas: octubre, noviembre y diciembre; continuar con el bono de 40 mil pesos actualizado por IPC; y llevar los contratos de obra a 500 mil mensuales.<\/p>\n\n\n\n<p>Adem\u00e1s, la Asociaci\u00f3n Trabajadores del Estado elabor\u00f3 una contraoferta que presentar\u00e1 el pr\u00f3ximo lunes, cuando se reabra la paritaria. La propuesta consiste en solicitar recupero del 6,55% en un solo pago m\u00e1s el 12% perdido en diciembre de 2023 y devoluci\u00f3n de los d\u00edas descontados por paro. Adem\u00e1s, que el bono de 40 mil pesos sea remunerativo, para que lo perciban activos y jubilados, y actualizado al IPC. Tambi\u00e9n una actualizaci\u00f3n del c\u00f3digo 272. Y de las Asignaciones Familiares. Finalizando, instructivo de Pases a Planta.<\/p>\n\n\n\n<p>Despu\u00e9s de tomar esta decisi\u00f3n, ATE se declar\u00f3 en en estado de Asamblea Permanente y volver\u00e1n a reunirse el pr\u00f3ximo jueves tras las repercusiones del encuentro paritario.<\/p>\n\n\n\n<p>Por otra parte, el Consejo Directivo Provincial se reuni\u00f3 el martes de manera virtual con las y los secretarios generales de las Seccionales entrerrianas. All\u00ed Se reafirm\u00f3 el rechazo a la medida de la Revocatoria Res. 2771 CGE porque \u201cpretende disciplinar a las y los trabajadores y coarta el derecho a la libertad sindical\u201d.<\/p>\n\n\n\n<p>Adem\u00e1s, el secretario General Oscar Muntes adelant\u00f3 que este jueves ATE se sumar\u00e1 a la jornada nacional de lucha en defensa de la salud p\u00fablica y en contra de la resoluci\u00f3n del presidente Milei de cerrar el Bonaparte. \u201cLa salud p\u00fablica est\u00e1 en peligro y la poblaci\u00f3n en general tiene que salir a defenderla\u201d, manifest\u00f3 Muntes.<\/p>\n\n\n\n<p>Finalizando se anunci\u00f3 que las conducciones de las dos centrales obreras, CTA de los Trabajadores y CTA Aut\u00f3noma, se reunir\u00e1n en la provincia para empezar a unificar criterios y \u201cbuscar caminos en com\u00fan de la unificaci\u00f3n definitiva para las centrales para que en el 2026 tengamos un acuerdo y volvamos a ser la central fuerte que \u00e9ramos\u201d.<\/p>\n","protected":false},"excerpt":{"rendered":"<p>En el Plenario, se declar&oacute; en estado de Asamblea Permanente y se estableci&oacute; una nueva fecha para la reuni&oacute;n de los delegados presencial, ser&aacute; el pr&oacute;ximo jueves luego del encuentro paritario pactado para el pr&oacute;ximo lunes, en que llevar&aacute;n una contrapuesta. Tambi&eacute;n se sumar&aacute;n al paro nacional de Salud por el cierre del Hospital Laura [&hellip;]<\/p>\n","protected":false},"author":2,"featured_media":5258,"comment_status":"open","ping_status":"open","sticky":false,"template":"","format":"standard","meta":{"footnotes":""},"categories":[91,11,4],"tags":[2326,103,2325,1376,746],"class_list":["post-5257","post","type-post","status-publish","format-standard","has-post-thumbnail","hentry","category-gremiales","category-politica","category-provinciales","tag-asamblea","tag-ate","tag-insuficiente","tag-oscar-muntes","tag-propuesta"],"_links":{"self":[{"href":"https:\/\/impactodenoticias.com.ar\/index.php?rest_route=\/wp\/v2\/posts\/5257","targetHints":{"allow":["GET"]}}],"collection":[{"href":"https:\/\/impactodenoticias.com.ar\/index.php?rest_route=\/wp\/v2\/posts"}],"about":[{"href":"https:\/\/impactodenoticias.com.ar\/index.php?rest_route=\/wp\/v2\/types\/post"}],"author":[{"embeddable":true,"href":"https:\/\/impactodenoticias.com.ar\/index.php?rest_route=\/wp\/v2\/users\/2"}],"replies":[{"embeddable":true,"href":"https:\/\/impactodenoticias.com.ar\/index.php?rest_route=%2Fwp%2Fv2%2Fcomments&post=5257"}],"version-history":[{"count":1,"href":"https:\/\/impactodenoticias.com.ar\/index.php?rest_route=\/wp\/v2\/posts\/5257\/revisions"}],"predecessor-version":[{"id":5259,"href":"https:\/\/impactodenoticias.com.ar\/index.php?rest_route=\/wp\/v2\/posts\/5257\/revisions\/5259"}],"wp:featuredmedia":[{"embeddable":true,"href":"https:\/\/impactodenoticias.com.ar\/index.php?rest_route=\/wp\/v2\/media\/5258"}],"wp:attachment":[{"href":"https:\/\/impactodenoticias.com.ar\/index.php?rest_route=%2Fwp%2Fv2%2Fmedia&parent=5257"}],"wp:term":[{"taxonomy":"category","embeddable":true,"href":"https:\/\/impactodenoticias.com.ar\/index.php?rest_route=%2Fwp%2Fv2%2Fcategories&post=5257"},{"taxonomy":"post_tag","embeddable":true,"href":"https:\/\/impactodenoticias.com.ar\/index.php?rest_route=%2Fwp%2Fv2%2Ftags&post=5257"}],"curies":[{"name":"wp","href":"https:\/\/api.w.org\/{rel}","templated":true}]}}