{"id":526,"date":"2024-06-28T11:04:17","date_gmt":"2024-06-28T14:04:17","guid":{"rendered":"https:\/\/impactodenoticias.com.ar\/?p=526"},"modified":"2024-06-28T11:04:18","modified_gmt":"2024-06-28T14:04:18","slug":"confirmado-orrico-manejaba-alcoholizado-al-protagonizar-el-fatal-accidente-vial","status":"publish","type":"post","link":"https:\/\/impactodenoticias.com.ar\/?p=526","title":{"rendered":"CONFIRMADO: ORRICO MANEJABA ALCOHOLIZADO AL PROTAGONIZAR EL FATAL ACCIDENTE VIAL"},"content":{"rendered":"\n<p><strong>Juan Ruiz Orrico dio positivo al test de alcoholemia. La pericia arroj\u00f3 que manejaba alcoholizado cuando produjo un choque en el que murieron 4 j\u00f3venes. Orrico estaba volviendo de una fiesta privada, que muy poco ten\u00eda que ver con la funci\u00f3n p\u00faplica y en un auto oficial<\/strong><\/p>\n\n\n\n<p>El exdirector del Instituto Portuario de la Provincia de Entre R\u00edos, Juan Ruiz Orrico, dio positivo en el test de alcoholemia. Lo determin\u00f3 la pericia judicial en el marco de la investigaci\u00f3n del choque frontal sucedido el jueves 20 de junio en la Ruta 39, en cercan\u00edas de Caseros, en el que murieron cuatro j\u00f3venes en el acto.<\/p>\n\n\n\n<p><\/p>\n\n\n\n<figure class=\"wp-block-image size-full\"><img loading=\"lazy\" decoding=\"async\" width=\"768\" height=\"432\" src=\"https:\/\/impactodenoticias.com.ar\/wp-content\/uploads\/2024\/06\/MAUXU6Z7LFFHHAG33U4A34RQBQ.jpg\" alt=\"\" class=\"wp-image-527\" srcset=\"https:\/\/impactodenoticias.com.ar\/wp-content\/uploads\/2024\/06\/MAUXU6Z7LFFHHAG33U4A34RQBQ.jpg 768w, https:\/\/impactodenoticias.com.ar\/wp-content\/uploads\/2024\/06\/MAUXU6Z7LFFHHAG33U4A34RQBQ-300x169.jpg 300w\" sizes=\"auto, (max-width: 768px) 100vw, 768px\" \/><figcaption class=\"wp-element-caption\"><strong>Auto oficial en que se trasladaba Orrico, regresando de una fiesta privada<\/strong>.<\/figcaption><\/figure>\n\n\n\n<p><\/p>\n\n\n\n<p>Luego de conocerse la noticia del choque entre el auto oficial que conduc\u00eda Orrico y el Chevrolet Corsa en el que viajaban las cuatro personas fallecidas, en la madrugada del jueves 20 de junio, el gobernador Rogelio Frigerio decidi\u00f3 desplazar el lunes pasado al funcionario en cuesti\u00f3n.<\/p>\n\n\n\n<p>Una vez que Orrico recuper\u00f3 la conciencia, debido a las severas lesiones que le produjo el choque, se le comunic\u00f3 su salida del cargo que ocupaba.<\/p>\n\n\n\n<p>El ahora ex funcionario deber\u00e1 enfrentar el proceso judicial correspondiente. En ese marco, las primeras pericias indican que habr\u00eda invadido el carril contrario, en el que se desplaza el Chevrolet Corsa, y que ten\u00eda alcohol en sangre.<\/p>\n\n\n\n<p>Por decisi\u00f3n de la familia una vez que su estado de salud lo permiti\u00f3, fue trasladado a un nosocimio de la ciudad de Buenos Aires, cabe recordar que Orrico estaba volviendo de una fiesta privada, que muy poco ten\u00eda que ver con la funci\u00f3n p\u00falica en un auto oficial.<\/p>\n","protected":false},"excerpt":{"rendered":"<p>Juan Ruiz Orrico dio positivo al test de alcoholemia. La pericia arroj&oacute; que manejaba alcoholizado cuando produjo un choque en el que murieron 4 j&oacute;venes. Orrico estaba volviendo de una fiesta privada, que muy poco ten&iacute;a que ver con la funci&oacute;n p&uacute;plica y en un auto oficial El exdirector del Instituto Portuario de la Provincia [&hellip;]<\/p>\n","protected":false},"author":2,"featured_media":528,"comment_status":"open","ping_status":"open","sticky":false,"template":"","format":"standard","meta":{"footnotes":""},"categories":[90,8,4],"tags":[120,187,33,119,106,39,189],"class_list":["post-526","post","type-post","status-publish","format-standard","has-post-thumbnail","hentry","category-judicial","category-policiales","category-provinciales","tag-accidente","tag-alcoholemia","tag-entre-rios","tag-fatal","tag-juan-ruiz-orrico","tag-rogelio-frigerio","tag-vial"],"_links":{"self":[{"href":"https:\/\/impactodenoticias.com.ar\/index.php?rest_route=\/wp\/v2\/posts\/526","targetHints":{"allow":["GET"]}}],"collection":[{"href":"https:\/\/impactodenoticias.com.ar\/index.php?rest_route=\/wp\/v2\/posts"}],"about":[{"href":"https:\/\/impactodenoticias.com.ar\/index.php?rest_route=\/wp\/v2\/types\/post"}],"author":[{"embeddable":true,"href":"https:\/\/impactodenoticias.com.ar\/index.php?rest_route=\/wp\/v2\/users\/2"}],"replies":[{"embeddable":true,"href":"https:\/\/impactodenoticias.com.ar\/index.php?rest_route=%2Fwp%2Fv2%2Fcomments&post=526"}],"version-history":[{"count":1,"href":"https:\/\/impactodenoticias.com.ar\/index.php?rest_route=\/wp\/v2\/posts\/526\/revisions"}],"predecessor-version":[{"id":529,"href":"https:\/\/impactodenoticias.com.ar\/index.php?rest_route=\/wp\/v2\/posts\/526\/revisions\/529"}],"wp:featuredmedia":[{"embeddable":true,"href":"https:\/\/impactodenoticias.com.ar\/index.php?rest_route=\/wp\/v2\/media\/528"}],"wp:attachment":[{"href":"https:\/\/impactodenoticias.com.ar\/index.php?rest_route=%2Fwp%2Fv2%2Fmedia&parent=526"}],"wp:term":[{"taxonomy":"category","embeddable":true,"href":"https:\/\/impactodenoticias.com.ar\/index.php?rest_route=%2Fwp%2Fv2%2Fcategories&post=526"},{"taxonomy":"post_tag","embeddable":true,"href":"https:\/\/impactodenoticias.com.ar\/index.php?rest_route=%2Fwp%2Fv2%2Ftags&post=526"}],"curies":[{"name":"wp","href":"https:\/\/api.w.org\/{rel}","templated":true}]}}