{"id":5271,"date":"2024-10-09T18:19:51","date_gmt":"2024-10-09T21:19:51","guid":{"rendered":"https:\/\/impactodenoticias.com.ar\/?p=5271"},"modified":"2024-10-09T18:19:51","modified_gmt":"2024-10-09T21:19:51","slug":"se-presento-a-todo-el-pais-la-feria-del-libro-parana-lee-y-la-oferta-turistica-de-la-ciudad","status":"publish","type":"post","link":"https:\/\/impactodenoticias.com.ar\/?p=5271","title":{"rendered":"Se present\u00f3 a todo el pa\u00eds la Feria del Libro Paran\u00e1 Lee y la oferta tur\u00edstica de la ciudad"},"content":{"rendered":"\n<h3 class=\"wp-block-heading\">El evento literario ser\u00e1 con entrada gratuita del 10 al 13 de octubre en la Sala Mayo. \u201cParan\u00e1 ofrece la experiencia de la Feria del Libro y tambi\u00e9n paisajes, gastronom\u00eda, paseos y r\u00edo\u201d, se\u00f1al\u00f3 la intendenta Rosario Romero ante medios nacionales. Fue este lunes en la Federaci\u00f3n Empresaria Hotelera Gastron\u00f3mica de la Rep\u00fablica Argentina (FEHGRA) de Buenos Aires.<\/h3>\n\n\n\n<p>Paran\u00e1 Lee busca rescatar y poner en valor el patrimonio literario de la regi\u00f3n. En su versi\u00f3n 2024, la nueva edici\u00f3n se propone superar, en potencia y alcance, sus versiones anteriores. \u201cOscuridad, Verde, Resplandor\u201d son los temas de esta nueva propuesta sin perder de vista sus ejes transversales y fundantes: la promoci\u00f3n de una literatura de alcance popular, el protagonismo de los autores y la permanente tarea de generar un \u00e1mbito de desarrollo y disfrute para gurises lectores.<\/p>\n\n\n\n<p>Romero resalt\u00f3 poder presentar el evento a todo el pa\u00eds. \u201cParan\u00e1 se prepara para los visitantes, en este caso, vinculados a la cultura y al libro en todas sus expresiones. La amistad con el libro nos hace crecer\u201d, sostuvo.<\/p>\n\n\n\n<p>El subsecretario de Turismo y presidente del directorio del Ente Mixto de Turismo (EMPATUR), Agust\u00edn Clavenzani, destac\u00f3: \u201cHay una decisi\u00f3n estrat\u00e9gica de la intendenta Rosario Romero y del EMPATUR de trabajar para potenciar a Paran\u00e1 como destino. El turismo genera trabajo y diversificaci\u00f3n de la econom\u00eda local\u201d.<\/p>\n\n\n\n<p>El director de la Editorial Municipal, Juli\u00e1n Stoppello, valor\u00f3: \u00abTenemos una propuesta que tiene mucho sentido, que tiene direcci\u00f3n, y por eso se sustenta cada vez m\u00e1s; estamos muy contentos de que la gesti\u00f3n de la intendenta Rosario Romero haya apostado fuerte para que la feria, m\u00e1s all\u00e1 de la coyuntura, pueda tener la magnitud que merece y siga buscando crecer y atravesar fronteras\u201d.<\/p>\n\n\n\n<p><\/p>\n\n\n\n<figure class=\"wp-block-image size-large\"><img loading=\"lazy\" decoding=\"async\" width=\"1024\" height=\"683\" src=\"https:\/\/impactodenoticias.com.ar\/wp-content\/uploads\/2024\/10\/1728341319_bb0eebe47b3b52d16509-1024x683.jpg\" alt=\"\" class=\"wp-image-5272\" srcset=\"https:\/\/impactodenoticias.com.ar\/wp-content\/uploads\/2024\/10\/1728341319_bb0eebe47b3b52d16509-1024x683.jpg 1024w, https:\/\/impactodenoticias.com.ar\/wp-content\/uploads\/2024\/10\/1728341319_bb0eebe47b3b52d16509-300x200.jpg 300w, https:\/\/impactodenoticias.com.ar\/wp-content\/uploads\/2024\/10\/1728341319_bb0eebe47b3b52d16509-768x512.jpg 768w, https:\/\/impactodenoticias.com.ar\/wp-content\/uploads\/2024\/10\/1728341319_bb0eebe47b3b52d16509.jpg 1200w\" sizes=\"auto, (max-width: 1024px) 100vw, 1024px\" \/><\/figure>\n\n\n\n<p><\/p>\n\n\n\n<p><\/p>\n\n\n\n<p><strong>Oferta tur\u00edstica<\/strong><\/p>\n\n\n\n<p>Adem\u00e1s de Paran\u00e1 Lee como evento destacado del fin de semana largo de octubre, se present\u00f3 la oferta tur\u00edstica permanente de la ciudad: naturaleza, aventura, historia, arte, cultura, paseos comerciales, ecoturismo, sabores con identidad regional y los mejores atardeceres de r\u00edo.<\/p>\n\n\n\n<p>Fue una acci\u00f3n articulada entre la Municipalidad y las entidades que son parte del EMPATUR, para seguir potenciando y difundiendo la marca tur\u00edstica Paran\u00e1 en todo el pa\u00eds.<\/p>\n\n\n\n<p>Estuvieron presentes los secretarios de Gobierno y Coordinador de Gabinete, Santiago Halle; de Hacienda y Producci\u00f3n, Alexis Bilbao; y Legal y Administrativo, Pablo Testa. Adem\u00e1s el vicepresidente de FEHGRA, Rafael Miranda; y el presidente de la Asociaci\u00f3n Empresaria Hotelera de Paran\u00e1, Marcelo Barsuglia.<\/p>\n\n\n\n<p><strong>Detalles<\/strong><\/p>\n\n\n\n<p>Este a\u00f1o, Paran\u00e1 Lee contar\u00e1 con una n\u00f3mina de prestigiosos autores invitados: Juan Jos\u00e9 Becerra, galardonado con el premio Letra Novelas Konex 2024; la reconocida escritora Alejandra Kamiya; el ganador del premio novela Clar\u00edn 2023, Luciano Lamberti; el multipremiado y reconocido internacionalmente, Pablo De Santis. Tambi\u00e9n estar\u00e1 la poeta Alicia Genovese, la ilustradora Powerpaola y la presentaci\u00f3n de la \u00faltima novela del periodista y escritor Reynaldo Sietecase.<\/p>\n\n\n\n<p>DE LA REGI\u00d3N. Dos autores entrerrianos de fuerte resonancia nacional, como Bel\u00e9n Sigot y Ricardo Romero (ganador del Fondo Nacional de las Artes), tendr\u00e1n un espacio destacado en la grilla, al igual que el autor santafesino Francisco Bitar, tambi\u00e9n ganador del Fondo Nacional de las Artes.<\/p>\n\n\n\n<p>CITAS M\u00c1GICAS. En esta edici\u00f3n, adem\u00e1s de ofrecer su experiencia y conocimiento en charlas abiertas, los autores y autoras invitadas tendr\u00e1n una instancia de mayor intimidad con los lectores. Una charla sobre cuentos de terror, con Lamberti; un encuentro de dibujo en la naturaleza con Powerpaola; un t\u00e9 con Kamiya, son algunas de las propuestas con inscripci\u00f3n previa.<\/p>\n\n\n\n<p>PARA INFANCIAS. En 2024, Paran\u00e1 Lee pondr\u00e1 en valor uno de sus ejes transversales: Gurises Lectores. Habr\u00e1 un d\u00eda orientado directamente a las escuelas con propuestas de juegos, shows en vivo y mediaci\u00f3n de lectura, pero el resto de las jornadas tendr\u00e1 una programaci\u00f3n especialmente pensada y realizada para ni\u00f1os, ni\u00f1as y adolescentes.<\/p>\n\n\n\n<p><strong>Conoc\u00e9 el cronograma aqu\u00ed<\/strong><\/p>\n\n\n\n<p><a href=\"http:\/\/docs.google.com\/document\/d\/1v6BOfWZKwjxAQjFu8kRXayrTA93uj4iR\/edit?usp=sharing&amp;ouid=111593513828410571043&amp;rtpof=true&amp;sd=true\">http:\/\/docs.google.com\/document\/d\/1v6BOfWZKwjxAQjFu8kRXayrTA93uj4iR\/edit?usp=sharing&amp;ouid=111593513828410571043&amp;rtpof=true&amp;sd=true<\/a><\/p>\n\n\n\n<p><\/p>\n\n\n\n<figure class=\"wp-block-embed is-type-video is-provider-youtube wp-block-embed-youtube wp-embed-aspect-16-9 wp-has-aspect-ratio\"><div class=\"wp-block-embed__wrapper\">\n<iframe loading=\"lazy\" title=\"Presentaron a todo el pa\u00eds la Feria del Libro Paran\u00e1 Lee y la oferta tur\u00edstica de la ciudad\" width=\"640\" height=\"360\" src=\"https:\/\/www.youtube.com\/embed\/3H5JB2xrc44?feature=oembed\" frameborder=\"0\" allow=\"accelerometer; autoplay; clipboard-write; encrypted-media; gyroscope; picture-in-picture; web-share\" referrerpolicy=\"strict-origin-when-cross-origin\" allowfullscreen><\/iframe>\n<\/div><\/figure>\n","protected":false},"excerpt":{"rendered":"<p>El evento literario ser&aacute; con entrada gratuita del 10 al 13 de octubre en la Sala Mayo. &ldquo;Paran&aacute; ofrece la experiencia de la Feria del Libro y tambi&eacute;n paisajes, gastronom&iacute;a, paseos y r&iacute;o&rdquo;, se&ntilde;al&oacute; la intendenta Rosario Romero ante medios nacionales. Fue este lunes en la Federaci&oacute;n Empresaria Hotelera Gastron&oacute;mica de la Rep&uacute;blica Argentina (FEHGRA) [&hellip;]<\/p>\n","protected":false},"author":2,"featured_media":5273,"comment_status":"open","ping_status":"open","sticky":false,"template":"","format":"standard","meta":{"footnotes":""},"categories":[3,1902],"tags":[2066,831,2338,1593,2334,2339,1465,95,2335,161,704],"class_list":["post-5271","post","type-post","status-publish","format-standard","has-post-thumbnail","hentry","category-locales","category-municipales","tag-agustin-clavenzani","tag-alexis-bilbao","tag-empatur","tag-fehgra","tag-feria-del-libro","tag-julian-stopello","tag-pablo-testa","tag-parana","tag-presentacion","tag-rosario-romero","tag-santiago-halle"],"_links":{"self":[{"href":"https:\/\/impactodenoticias.com.ar\/index.php?rest_route=\/wp\/v2\/posts\/5271","targetHints":{"allow":["GET"]}}],"collection":[{"href":"https:\/\/impactodenoticias.com.ar\/index.php?rest_route=\/wp\/v2\/posts"}],"about":[{"href":"https:\/\/impactodenoticias.com.ar\/index.php?rest_route=\/wp\/v2\/types\/post"}],"author":[{"embeddable":true,"href":"https:\/\/impactodenoticias.com.ar\/index.php?rest_route=\/wp\/v2\/users\/2"}],"replies":[{"embeddable":true,"href":"https:\/\/impactodenoticias.com.ar\/index.php?rest_route=%2Fwp%2Fv2%2Fcomments&post=5271"}],"version-history":[{"count":1,"href":"https:\/\/impactodenoticias.com.ar\/index.php?rest_route=\/wp\/v2\/posts\/5271\/revisions"}],"predecessor-version":[{"id":5274,"href":"https:\/\/impactodenoticias.com.ar\/index.php?rest_route=\/wp\/v2\/posts\/5271\/revisions\/5274"}],"wp:featuredmedia":[{"embeddable":true,"href":"https:\/\/impactodenoticias.com.ar\/index.php?rest_route=\/wp\/v2\/media\/5273"}],"wp:attachment":[{"href":"https:\/\/impactodenoticias.com.ar\/index.php?rest_route=%2Fwp%2Fv2%2Fmedia&parent=5271"}],"wp:term":[{"taxonomy":"category","embeddable":true,"href":"https:\/\/impactodenoticias.com.ar\/index.php?rest_route=%2Fwp%2Fv2%2Fcategories&post=5271"},{"taxonomy":"post_tag","embeddable":true,"href":"https:\/\/impactodenoticias.com.ar\/index.php?rest_route=%2Fwp%2Fv2%2Ftags&post=5271"}],"curies":[{"name":"wp","href":"https:\/\/api.w.org\/{rel}","templated":true}]}}