{"id":5279,"date":"2024-10-10T08:59:22","date_gmt":"2024-10-10T11:59:22","guid":{"rendered":"https:\/\/impactodenoticias.com.ar\/?p=5279"},"modified":"2024-10-10T09:03:59","modified_gmt":"2024-10-10T12:03:59","slug":"la-jornada-continuara-con-nubosidad-variable-en-entre-rios","status":"publish","type":"post","link":"https:\/\/impactodenoticias.com.ar\/?p=5279","title":{"rendered":"La jornada continuar\u00e1 con nubosidad variable en Entre R\u00edos"},"content":{"rendered":"\n<h3 class=\"wp-block-heading\">El Servicio Meteorol\u00f3gico Nacional (SMN) informa que este jueves se presenta muy nublado pero con temperaturas agradables en la provincia. Las temperaturas m\u00e1ximas rondar\u00e1n los 25 grados en Entre R\u00edos.<\/h3>\n\n\n\n<p>De acuerdo a la informaci\u00f3n brindada por el Servicio Meteorol\u00f3gico Nacional, el viernes 11 de octubre, feriado nacional, la jornada se presentgar\u00e1 con marcas de hasta 28 grados, y con mayor presencia de sol.<\/p>\n\n\n\n<p>Mientras que el s\u00e1bado amanecer\u00e1 con alrededor de 14 grados y cielo con nubosidad variable. No obstante podr\u00eda inestabilizarse hacia la tarde, con probabilidad de tormentas aisladas y registros t\u00e9rmicos de 25 grados.<\/p>\n\n\n\n<p>El domingo con cielo mayormente nublado y la probabilidad de lluvias aisladas, con temperaturas similares a las de la jornada previa.<\/p>\n\n\n\n<p><\/p>\n\n\n\n<figure class=\"wp-block-image size-full\"><img loading=\"lazy\" decoding=\"async\" width=\"659\" height=\"532\" src=\"https:\/\/impactodenoticias.com.ar\/wp-content\/uploads\/2024\/10\/scrnli_DW7W92L688vvK0.png\" alt=\"\" class=\"wp-image-5280\" srcset=\"https:\/\/impactodenoticias.com.ar\/wp-content\/uploads\/2024\/10\/scrnli_DW7W92L688vvK0.png 659w, https:\/\/impactodenoticias.com.ar\/wp-content\/uploads\/2024\/10\/scrnli_DW7W92L688vvK0-300x242.png 300w\" sizes=\"auto, (max-width: 659px) 100vw, 659px\" \/><\/figure>\n\n\n\n<p><\/p>\n\n\n\n<p><strong>Tiempo en la jornada de hoy<\/strong><\/p>\n\n\n\n<p>En Paran\u00e1, La Paz, Villaguay, Diamante y Nogoy\u00e1 la m\u00ednima ser\u00e1 de 14 grados y la m\u00e1xima alcanzar\u00e1 los 25 grados. En la capital y alrededores se espera una jornada nublada.<\/p>\n\n\n\n<p>Mientras que en Concordia, Federal, Feliciano, Federaci\u00f3n y San Salvador, en tanto, se aguarda una m\u00ednima de 14 grados y una m\u00e1xima de 25 grados. All\u00ed tambi\u00e9n se prev\u00e9 un d\u00eda muy nublado y leve posibilidad de chaparrones.<\/p>\n\n\n\n<p>En Gualeguaych\u00fa, Col\u00f3n, Uruguay, Tala e Islas, por \u00faltimo, se espera una m\u00ednima de 13 grados y una m\u00e1xima de 25 grados. Al igual que en las localidades mencionadas anteriormente se espera un d\u00eda parcialmente nublado.<\/p>\n","protected":false},"excerpt":{"rendered":"<p>El Servicio Meteorol&oacute;gico Nacional (SMN) informa que este jueves se presenta muy nublado pero con temperaturas agradables en la provincia. Las temperaturas m&aacute;ximas rondar&aacute;n los 25 grados en Entre R&iacute;os. De acuerdo a la informaci&oacute;n brindada por el Servicio Meteorol&oacute;gico Nacional, el viernes 11 de octubre, feriado nacional, la jornada se presentgar&aacute; con marcas de [&hellip;]<\/p>\n","protected":false},"author":2,"featured_media":5281,"comment_status":"open","ping_status":"open","sticky":false,"template":"","format":"standard","meta":{"footnotes":""},"categories":[4,49],"tags":[38,33],"class_list":["post-5279","post","type-post","status-publish","format-standard","has-post-thumbnail","hentry","category-provinciales","category-sociedad","tag-clima","tag-entre-rios"],"_links":{"self":[{"href":"https:\/\/impactodenoticias.com.ar\/index.php?rest_route=\/wp\/v2\/posts\/5279","targetHints":{"allow":["GET"]}}],"collection":[{"href":"https:\/\/impactodenoticias.com.ar\/index.php?rest_route=\/wp\/v2\/posts"}],"about":[{"href":"https:\/\/impactodenoticias.com.ar\/index.php?rest_route=\/wp\/v2\/types\/post"}],"author":[{"embeddable":true,"href":"https:\/\/impactodenoticias.com.ar\/index.php?rest_route=\/wp\/v2\/users\/2"}],"replies":[{"embeddable":true,"href":"https:\/\/impactodenoticias.com.ar\/index.php?rest_route=%2Fwp%2Fv2%2Fcomments&post=5279"}],"version-history":[{"count":2,"href":"https:\/\/impactodenoticias.com.ar\/index.php?rest_route=\/wp\/v2\/posts\/5279\/revisions"}],"predecessor-version":[{"id":5283,"href":"https:\/\/impactodenoticias.com.ar\/index.php?rest_route=\/wp\/v2\/posts\/5279\/revisions\/5283"}],"wp:featuredmedia":[{"embeddable":true,"href":"https:\/\/impactodenoticias.com.ar\/index.php?rest_route=\/wp\/v2\/media\/5281"}],"wp:attachment":[{"href":"https:\/\/impactodenoticias.com.ar\/index.php?rest_route=%2Fwp%2Fv2%2Fmedia&parent=5279"}],"wp:term":[{"taxonomy":"category","embeddable":true,"href":"https:\/\/impactodenoticias.com.ar\/index.php?rest_route=%2Fwp%2Fv2%2Fcategories&post=5279"},{"taxonomy":"post_tag","embeddable":true,"href":"https:\/\/impactodenoticias.com.ar\/index.php?rest_route=%2Fwp%2Fv2%2Ftags&post=5279"}],"curies":[{"name":"wp","href":"https:\/\/api.w.org\/{rel}","templated":true}]}}