{"id":534,"date":"2024-06-28T12:14:54","date_gmt":"2024-06-28T15:14:54","guid":{"rendered":"https:\/\/impactodenoticias.com.ar\/?p=534"},"modified":"2024-06-28T12:14:56","modified_gmt":"2024-06-28T15:14:56","slug":"parana-se-realizo-una-jornada-de-prevencion-de-consumos-problematicos","status":"publish","type":"post","link":"https:\/\/impactodenoticias.com.ar\/?p=534","title":{"rendered":"Paran\u00e1: se realiz\u00f3 una jornada de prevenci\u00f3n de consumos problem\u00e1ticos"},"content":{"rendered":"\n<p><strong>Fue este mi\u00e9rcoles en la plaza S\u00e1enz Pe\u00f1a. La iniciativa estuvo a cargo de la Municipalidad de Paran\u00e1, el Dispositivo Territorial Comunitario de Sedronar y organizaciones sociales, en el marco del d\u00eda internacional de la lucha contra el uso indebido y el tr\u00e1fico il\u00edcito de sustancias y drogas.<\/strong><\/p>\n\n\n\n<p>El objetivo fue \u201cvisibilizar los consumos problem\u00e1ticos, la complejidad que tienen y la importancia de construir en red\u201d, cont\u00f3 Nahuel Moguiler, del DTC de Sedronar.<\/p>\n\n\n\n<p>El psic\u00f3logo apunt\u00f3 que el dispositivo \u201cacompa\u00f1a a quienes necesitan un abordaje interdisciplinario, porque es una problem\u00e1tica compleja, sobre todo hoy en una sociedad de consumo, entendiendo a quienes atraviesan este problema como sujetos de derecho que no deben ser criminalizados ni estigmatizados, por lo que se debe abordar desde una \u00f3ptica de salud y requiere un acompa\u00f1amiento, ayuda y contenci\u00f3n\u201d.<\/p>\n\n\n\n<p><\/p>\n\n\n\n<figure class=\"wp-block-image size-full\"><img loading=\"lazy\" decoding=\"async\" width=\"760\" height=\"427\" src=\"https:\/\/impactodenoticias.com.ar\/wp-content\/uploads\/2024\/06\/7300d1ae06148143122d6ac9b9d3ddcf.jpg\" alt=\"\" class=\"wp-image-535\" srcset=\"https:\/\/impactodenoticias.com.ar\/wp-content\/uploads\/2024\/06\/7300d1ae06148143122d6ac9b9d3ddcf.jpg 760w, https:\/\/impactodenoticias.com.ar\/wp-content\/uploads\/2024\/06\/7300d1ae06148143122d6ac9b9d3ddcf-300x169.jpg 300w\" sizes=\"auto, (max-width: 760px) 100vw, 760px\" \/><\/figure>\n\n\n\n<p><\/p>\n\n\n\n<p>Daniela Barreto, de la Red Puentes, precis\u00f3 que la jornada surgi\u00f3 \u201ca partir de la preocupaci\u00f3n que tenemos las organizaciones sociales por el avance de la problem\u00e1tica del consumo en los diferentes territorios con la crisis actual\u201d.<\/p>\n\n\n\n<p>Flavia Enriquez, del DTC, cont\u00f3 que la Mesa que se conform\u00f3 articula con la Secretar\u00eda de Salud y Ambiente del Municipio, el Gobierno de la provincia, organizaciones sociales y otras instituciones \u201cpara acompa\u00f1ar a las personas que transitan situaciones de consumos problem\u00e1ticos y sus familias\u201d.<\/p>\n\n\n\n<p><\/p>\n\n\n\n<figure class=\"wp-block-embed is-type-video is-provider-youtube wp-block-embed-youtube wp-embed-aspect-16-9 wp-has-aspect-ratio\"><div class=\"wp-block-embed__wrapper\">\n<iframe loading=\"lazy\" title=\"Se realiz\u00f3 una jornada de prevenci\u00f3n de consumos problem\u00e1ticos\" width=\"640\" height=\"360\" src=\"https:\/\/www.youtube.com\/embed\/aDG8Xk-A-mA?feature=oembed\" frameborder=\"0\" allow=\"accelerometer; autoplay; clipboard-write; encrypted-media; gyroscope; picture-in-picture; web-share\" referrerpolicy=\"strict-origin-when-cross-origin\" allowfullscreen><\/iframe>\n<\/div><\/figure>\n","protected":false},"excerpt":{"rendered":"<p>Fue este mi&eacute;rcoles en la plaza S&aacute;enz Pe&ntilde;a. La iniciativa estuvo a cargo de la Municipalidad de Paran&aacute;, el Dispositivo Territorial Comunitario de Sedronar y organizaciones sociales, en el marco del d&iacute;a internacional de la lucha contra el uso indebido y el tr&aacute;fico il&iacute;cito de sustancias y drogas. El objetivo fue &ldquo;visibilizar los consumos problem&aacute;ticos, [&hellip;]<\/p>\n","protected":false},"author":2,"featured_media":536,"comment_status":"open","ping_status":"open","sticky":false,"template":"","format":"standard","meta":{"footnotes":""},"categories":[3,49],"tags":[194,199,193,102,198,95,195,196,197],"class_list":["post-534","post","type-post","status-publish","format-standard","has-post-thumbnail","hentry","category-locales","category-sociedad","tag-consumos","tag-daniela-barreto","tag-jornada","tag-municipalidad","tag-nahuel-moguiler","tag-parana","tag-prevencion","tag-problematicos","tag-sedronar"],"_links":{"self":[{"href":"https:\/\/impactodenoticias.com.ar\/index.php?rest_route=\/wp\/v2\/posts\/534","targetHints":{"allow":["GET"]}}],"collection":[{"href":"https:\/\/impactodenoticias.com.ar\/index.php?rest_route=\/wp\/v2\/posts"}],"about":[{"href":"https:\/\/impactodenoticias.com.ar\/index.php?rest_route=\/wp\/v2\/types\/post"}],"author":[{"embeddable":true,"href":"https:\/\/impactodenoticias.com.ar\/index.php?rest_route=\/wp\/v2\/users\/2"}],"replies":[{"embeddable":true,"href":"https:\/\/impactodenoticias.com.ar\/index.php?rest_route=%2Fwp%2Fv2%2Fcomments&post=534"}],"version-history":[{"count":1,"href":"https:\/\/impactodenoticias.com.ar\/index.php?rest_route=\/wp\/v2\/posts\/534\/revisions"}],"predecessor-version":[{"id":537,"href":"https:\/\/impactodenoticias.com.ar\/index.php?rest_route=\/wp\/v2\/posts\/534\/revisions\/537"}],"wp:featuredmedia":[{"embeddable":true,"href":"https:\/\/impactodenoticias.com.ar\/index.php?rest_route=\/wp\/v2\/media\/536"}],"wp:attachment":[{"href":"https:\/\/impactodenoticias.com.ar\/index.php?rest_route=%2Fwp%2Fv2%2Fmedia&parent=534"}],"wp:term":[{"taxonomy":"category","embeddable":true,"href":"https:\/\/impactodenoticias.com.ar\/index.php?rest_route=%2Fwp%2Fv2%2Fcategories&post=534"},{"taxonomy":"post_tag","embeddable":true,"href":"https:\/\/impactodenoticias.com.ar\/index.php?rest_route=%2Fwp%2Fv2%2Ftags&post=534"}],"curies":[{"name":"wp","href":"https:\/\/api.w.org\/{rel}","templated":true}]}}