{"id":5358,"date":"2024-10-12T09:16:05","date_gmt":"2024-10-12T12:16:05","guid":{"rendered":"https:\/\/impactodenoticias.com.ar\/?p=5358"},"modified":"2024-10-12T09:16:05","modified_gmt":"2024-10-12T12:16:05","slug":"bomberos-intervinieron-en-dos-incendios-ocurridos-en-parana","status":"publish","type":"post","link":"https:\/\/impactodenoticias.com.ar\/?p=5358","title":{"rendered":"Bomberos intervinieron en dos incendios ocurridos en Paran\u00e1"},"content":{"rendered":"\n<p class=\"has-medium-font-size\"><strong>Un colectivo y un autom\u00f3vil se prendieron fuego en distintas zonas de Paran\u00e1. Bomberos y personal policial intervinieron en ambos hechos, donde no se registraron heridos.<\/strong><\/p>\n\n\n\n<p>En dos hechos sin conexi\u00f3n entre ambos, sucedidos este viernes por la tarde en diferentes puntos de la ciudad de Paran\u00e1, se produjeron incendios de veh\u00edculos que necesitaron de la intervenci\u00f3n de Bomberos y personal policial.<\/p>\n\n\n\n<p><\/p>\n\n\n\n<figure class=\"wp-block-image size-full\"><img loading=\"lazy\" decoding=\"async\" width=\"639\" height=\"309\" src=\"https:\/\/impactodenoticias.com.ar\/wp-content\/uploads\/2024\/10\/scrnli_b54lkBRvU458SO.png\" alt=\"\" class=\"wp-image-5359\" srcset=\"https:\/\/impactodenoticias.com.ar\/wp-content\/uploads\/2024\/10\/scrnli_b54lkBRvU458SO.png 639w, https:\/\/impactodenoticias.com.ar\/wp-content\/uploads\/2024\/10\/scrnli_b54lkBRvU458SO-300x145.png 300w\" sizes=\"auto, (max-width: 639px) 100vw, 639px\" \/><\/figure>\n\n\n\n<p><\/p>\n\n\n\n<p>En Avenida Don Bosco al 2.200 un colectivo de trasporte urbano de pasajeros de la L\u00ednea 7 comenz\u00f3 a prenderse fuego mientras hac\u00eda su recorrido habitual. Se habr\u00eda tratado de un desperfecto t\u00e9cnico, que dio inicio al foco \u00edgneo.<\/p>\n\n\n\n<p>En un principio vecinos de la zona ayudaron r\u00e1pidamente a apagar el fuego, hasta que llegaron los bomberos y controlaron r\u00e1pidamente la situaci\u00f3n.<\/p>\n\n\n\n<p><\/p>\n\n\n\n<figure class=\"wp-block-image size-full\"><img loading=\"lazy\" decoding=\"async\" width=\"598\" height=\"308\" src=\"https:\/\/impactodenoticias.com.ar\/wp-content\/uploads\/2024\/10\/scrnli_uwf77VD5b44ZG3.png\" alt=\"\" class=\"wp-image-5360\" srcset=\"https:\/\/impactodenoticias.com.ar\/wp-content\/uploads\/2024\/10\/scrnli_uwf77VD5b44ZG3.png 598w, https:\/\/impactodenoticias.com.ar\/wp-content\/uploads\/2024\/10\/scrnli_uwf77VD5b44ZG3-300x155.png 300w\" sizes=\"auto, (max-width: 598px) 100vw, 598px\" \/><\/figure>\n\n\n\n<p><\/p>\n\n\n\n<p>Tambi\u00e9n durante la tarde se produjo el incendio de un autom\u00f3vil en Avenida Zanni y O\u2019Higgins, donde no hubo que lamentar personas heridas.<\/p>\n\n\n\n<p>En el caso del colectivo, los da\u00f1os fueron parciales, sin embargo el veh\u00edculo termin\u00f3 m\u00e1s afectado por el fuego.<\/p>\n","protected":false},"excerpt":{"rendered":"<p>Un colectivo y un autom&oacute;vil se prendieron fuego en distintas zonas de Paran&aacute;. Bomberos y personal policial intervinieron en ambos hechos, donde no se registraron heridos. En dos hechos sin conexi&oacute;n entre ambos, sucedidos este viernes por la tarde en diferentes puntos de la ciudad de Paran&aacute;, se produjeron incendios de veh&iacute;culos que necesitaron de [&hellip;]<\/p>\n","protected":false},"author":2,"featured_media":5361,"comment_status":"open","ping_status":"open","sticky":false,"template":"","format":"standard","meta":{"footnotes":""},"categories":[3,8],"tags":[507,230,482,981,95],"class_list":["post-5358","post","type-post","status-publish","format-standard","has-post-thumbnail","hentry","category-locales","category-policiales","tag-auto","tag-bomberos","tag-colectivo","tag-incendios","tag-parana"],"_links":{"self":[{"href":"https:\/\/impactodenoticias.com.ar\/index.php?rest_route=\/wp\/v2\/posts\/5358","targetHints":{"allow":["GET"]}}],"collection":[{"href":"https:\/\/impactodenoticias.com.ar\/index.php?rest_route=\/wp\/v2\/posts"}],"about":[{"href":"https:\/\/impactodenoticias.com.ar\/index.php?rest_route=\/wp\/v2\/types\/post"}],"author":[{"embeddable":true,"href":"https:\/\/impactodenoticias.com.ar\/index.php?rest_route=\/wp\/v2\/users\/2"}],"replies":[{"embeddable":true,"href":"https:\/\/impactodenoticias.com.ar\/index.php?rest_route=%2Fwp%2Fv2%2Fcomments&post=5358"}],"version-history":[{"count":1,"href":"https:\/\/impactodenoticias.com.ar\/index.php?rest_route=\/wp\/v2\/posts\/5358\/revisions"}],"predecessor-version":[{"id":5362,"href":"https:\/\/impactodenoticias.com.ar\/index.php?rest_route=\/wp\/v2\/posts\/5358\/revisions\/5362"}],"wp:featuredmedia":[{"embeddable":true,"href":"https:\/\/impactodenoticias.com.ar\/index.php?rest_route=\/wp\/v2\/media\/5361"}],"wp:attachment":[{"href":"https:\/\/impactodenoticias.com.ar\/index.php?rest_route=%2Fwp%2Fv2%2Fmedia&parent=5358"}],"wp:term":[{"taxonomy":"category","embeddable":true,"href":"https:\/\/impactodenoticias.com.ar\/index.php?rest_route=%2Fwp%2Fv2%2Fcategories&post=5358"},{"taxonomy":"post_tag","embeddable":true,"href":"https:\/\/impactodenoticias.com.ar\/index.php?rest_route=%2Fwp%2Fv2%2Ftags&post=5358"}],"curies":[{"name":"wp","href":"https:\/\/api.w.org\/{rel}","templated":true}]}}