{"id":5363,"date":"2024-10-12T09:26:47","date_gmt":"2024-10-12T12:26:47","guid":{"rendered":"https:\/\/impactodenoticias.com.ar\/?p=5363"},"modified":"2024-10-14T10:35:44","modified_gmt":"2024-10-14T13:35:44","slug":"el-proximo-jueves-se-realizara-un-congreso-provincial-de-agmer","status":"publish","type":"post","link":"https:\/\/impactodenoticias.com.ar\/?p=5363","title":{"rendered":"El pr\u00f3ximo jueves se realizar\u00e1 un Congreso provincial de Agmer"},"content":{"rendered":"\n<p class=\"has-medium-font-size\"><strong>La Asociaci\u00f3n Gremial del Magisterio de Entre R\u00edos (Agmer) convoc\u00f3 a Congreso provincial para el pr\u00f3ximo jueves 17 en la ciudad de San Salvador para definir como continuar con el conflicto salarial con el Gobierno provincial.<\/strong><\/p>\n\n\n\n<p>Guillermo Zampedri, secretario gremial de Agmer, menifest\u00f3 que hasta ahora no hay convocatoria del Gobierno para retomar el di\u00e1logo: \u201cEstamos pidiendo que nos convoquen. Nosotros queremos dialogar, queremos resolver el conflicto\u201d, destac\u00f3.<\/p>\n\n\n\n<p>Y apunt\u00f3: \u201cEn el congreso, vamos a resolver, le guste a quien le guste, con la l\u00f3gica de nuestro sindicato\u201d.<\/p>\n\n\n\n<p>Vale recordar que el mi\u00e9rcoles 9 sesion\u00f3 en Paran\u00e1 el plenario de secretarios generales de Agmer, que declar\u00f3, en un extenso documento, que \u201cel conflicto contin\u00faa abierto\u201d.<\/p>\n\n\n\n<p>\u201cDe cara al pr\u00f3ximo congreso, seguimos exigiendo al Gobierno provincial un salario digno, primera condici\u00f3n pedag\u00f3gica para sostener la escuela p\u00fablica. La derogaci\u00f3n de la resoluci\u00f3n 2.771, dado que se trata de una persecuci\u00f3n a las y los trabajadores de la educaci\u00f3n; la huelga como herramienta de lucha es el mecanismo principal para defender nuestros derechos. A diez meses de gobierno, Frigerio ha demostrado que su proyecto va de la mano con el de Milei: Una provincia y un pa\u00eds para pocos, donde las grandes mayor\u00edas paguemos el ajuste que beneficia a la econom\u00eda concentrada\u201d, argument\u00f3 el documento emitido por Agmer.<\/p>\n\n\n\n<p>En medio del conflicto con los docentes, el Gobierno dispuso, el 24 de septiembre y por segunda vez, abonar por decreto el aumento a los trabajadores de la educaci\u00f3n. Adem\u00e1s incorpor\u00f3 a la grilla el Fondo de Incentivo y el adicional por Conectividad, que paga con recursos provinciales.<\/p>\n\n\n\n<p>De esta manera, un docente que trabaja jornada simple (carga semanal de 20 horas) recibir\u00e1 $33.200 en concepto del nuevo Fondo Provincial de Incentivo Docente (Fopid) m\u00e1s $24.800 por Conectividad. Un total de $58.000 adicionales. Y un maestro que trabaja jornada completa cobrar\u00e1 $66.400 m\u00e1s $49.600 por esos art\u00edculos. Un total adicional de $116.000.<\/p>\n\n\n\n<p>El gobernador Rogelio Frigerio emiti\u00f3 el decreto que otorga a partir de septiembre un incremento salarial a los docentes entrerrianos. La norma contempla la totalidad de los pedidos que plantearon los gremios. \u201cCon un enorme esfuerzo y una inversi\u00f3n de m\u00e1s de $70 mil millones, el Gobierno provincial vuelve a poner a la educaci\u00f3n como uno de los principales ejes de gesti\u00f3n\u201d, se indic\u00f3 oficialmente.<\/p>\n\n\n\n<p>En el articulado se da respuesta adem\u00e1s con la cl\u00e1usula de garant\u00eda respecto de la inflaci\u00f3n solicitada por los gremios, con el haber m\u00ednimo por encima de la canasta b\u00e1sica que reclaman y con el aumento en el \u00edtem movilidad, entre otras demandas. A la vez, se contempla el pedido gremial de que todos los incrementos que se aplican sean remunerativos.<\/p>\n\n\n\n<p>El secretario gremial de Agmer fundament\u00f3 el rechazo del sindicato a las sucesivas propuestas salariales del Gobierno en el hecho de que hay un empobrecimiento del docente.<\/p>\n\n\n\n<p>\u201cNosotros insistimos muy fuertemente en que queremos ser convocados a discutir salarios porque es escandalosa la p\u00e9rdida del poder adquisitivo. El decreto del Gobernador que dispone los aumentos est\u00e1 lejos de dar respuesta. En vez de eso, profundiza la p\u00e9rdida\u201d, expres\u00f3 Zampedr en declaraciones radiales.<\/p>\n\n\n\n<p>Se\u00f1al\u00f3 adem\u00e1s que \u201cal tener base fija devaluada, no se paga el \u00edndice de precios al consumidor; se paga mucho menos, y por lo tanto se acumulan p\u00e9rdidas. No queremos perder, queremos recuperar\u201d.<\/p>\n\n\n\n<p>Y agreg\u00f3 que: \u201cEn el per\u00edodo que va del 10 de diciembre al 10 de octubre, diez meses, la inflaci\u00f3n fue del 154% y la pausa salarial, del 104%. Es decir, hemos perdido 50 puntos contra la inflaci\u00f3n. Esto es lo que hay que entender para saber lo que pasa en el sector docente. Hemos perdido a lo largo de diez meses escandalosamente frente a la inflaci\u00f3n. El 80% de los docentes son pobres; Tenemos 5.000 hijos indigentes. Esto que decimos es objetivamente as\u00ed\u201d.<\/p>\n\n\n\n<p>Indic\u00f3 tambi\u00e9n que \u00abel Gobierno nos dio una pauta de aumento salarial del 104% y dijo que hubo una inflaci\u00f3n del 101%. Pero deja afuera diciembre, cuando fue escandalosa la inflaci\u00f3n. Ese es el problema. Los trabajadores perdimos salarios y queremos recuperar\u201d. Y vislumbra que hacia fin de a\u00f1o la p\u00e9rdida se profundizar\u00e1. \u201cPor eso el conflicto no est\u00e1 resuelto. No est\u00e1 resuelto cuando uno proyecta estos n\u00fameros a fin de a\u00f1o, y claramente, se profundiza la p\u00e9rdida\u201d, reflexion\u00f3.<\/p>\n\n\n\n<p>Manifest\u00f3 que es necesario que el Fondo de Incentivo y el adicional por Conectividad sean remunerativos de modo que alcance tambi\u00e9n a los jubilados. \u201cEntendemos que deben ser remunerativos, sino que se est\u00e1 castigando a la Caja, a la obra social ya los jubilados\u201d.<\/p>\n\n\n\n<p>El Gobierno dice que el Incentivo es para el docente que est\u00e1 en el aula, no para que el que tiene licencia gremial, cubre funciones administrativas o est\u00e1 jubilado.<\/p>\n\n\n\n<p>\u201cNosotros entendemos que eso es v\u00e1lido para el adicional por Conectividad. Es correcto que lo cobren todos los compa\u00f1eros que est\u00e1n en el cargo. Es para trabajo administrativo que el docente necesita completar desde su casa. Lo otro, el Incentivo, entendemos que corresponde a todos los trabajadores. Entendemos que el trabajador es uno solo. Es una circunstancia que sea activo o jubilado\u201d, destac\u00f3.<\/p>\n\n\n\n<p>Zampedri fundamenta su posici\u00f3n. \u00abDicen que miento. Yo no miento. As\u00ed es. No se aceptar\u00e1n las ofertas porque no recuperaremos salario. Los docentes nos hemos empobrecido a un extremo dram\u00e1tico. El 80% estamos por debajo de la l\u00ednea de pobreza. Esto no era habitual. Hab\u00eda universos peque\u00f1os debajo de la l\u00ednea de pobreza. Nunca hubo docentes bajo la l\u00ednea de indigencia. Por eso, queremos una oferta que recomiende. Que se haga un esfuerzo, y se convoque a los trabajadores y se haga un planteo para recuperar una parte del poder adquisitivo del salario\u201d, finaliz\u00f3.<\/p>\n","protected":false},"excerpt":{"rendered":"<p>La Asociaci&oacute;n Gremial del Magisterio de Entre R&iacute;os (Agmer) convoc&oacute; a Congreso provincial para el pr&oacute;ximo jueves 17 en la ciudad de San Salvador para definir como continuar con el conflicto salarial con el Gobierno provincial. Guillermo Zampedri, secretario gremial de Agmer, menifest&oacute; que hasta ahora no hay convocatoria del Gobierno para retomar el di&aacute;logo: [&hellip;]<\/p>\n","protected":false},"author":2,"featured_media":5364,"comment_status":"open","ping_status":"open","sticky":false,"template":"","format":"standard","meta":{"footnotes":""},"categories":[91,4],"tags":[52,53,2365,1705,39,639],"class_list":["post-5363","post","type-post","status-publish","format-standard","has-post-thumbnail","hentry","category-gremiales","category-provinciales","tag-agmer","tag-congreso","tag-guillermo-zampedri","tag-provincial","tag-rogelio-frigerio","tag-san-salvador"],"_links":{"self":[{"href":"https:\/\/impactodenoticias.com.ar\/index.php?rest_route=\/wp\/v2\/posts\/5363","targetHints":{"allow":["GET"]}}],"collection":[{"href":"https:\/\/impactodenoticias.com.ar\/index.php?rest_route=\/wp\/v2\/posts"}],"about":[{"href":"https:\/\/impactodenoticias.com.ar\/index.php?rest_route=\/wp\/v2\/types\/post"}],"author":[{"embeddable":true,"href":"https:\/\/impactodenoticias.com.ar\/index.php?rest_route=\/wp\/v2\/users\/2"}],"replies":[{"embeddable":true,"href":"https:\/\/impactodenoticias.com.ar\/index.php?rest_route=%2Fwp%2Fv2%2Fcomments&post=5363"}],"version-history":[{"count":1,"href":"https:\/\/impactodenoticias.com.ar\/index.php?rest_route=\/wp\/v2\/posts\/5363\/revisions"}],"predecessor-version":[{"id":5365,"href":"https:\/\/impactodenoticias.com.ar\/index.php?rest_route=\/wp\/v2\/posts\/5363\/revisions\/5365"}],"wp:featuredmedia":[{"embeddable":true,"href":"https:\/\/impactodenoticias.com.ar\/index.php?rest_route=\/wp\/v2\/media\/5364"}],"wp:attachment":[{"href":"https:\/\/impactodenoticias.com.ar\/index.php?rest_route=%2Fwp%2Fv2%2Fmedia&parent=5363"}],"wp:term":[{"taxonomy":"category","embeddable":true,"href":"https:\/\/impactodenoticias.com.ar\/index.php?rest_route=%2Fwp%2Fv2%2Fcategories&post=5363"},{"taxonomy":"post_tag","embeddable":true,"href":"https:\/\/impactodenoticias.com.ar\/index.php?rest_route=%2Fwp%2Fv2%2Ftags&post=5363"}],"curies":[{"name":"wp","href":"https:\/\/api.w.org\/{rel}","templated":true}]}}