{"id":5374,"date":"2024-10-12T09:56:55","date_gmt":"2024-10-12T12:56:55","guid":{"rendered":"https:\/\/impactodenoticias.com.ar\/?p=5374"},"modified":"2024-10-13T11:18:07","modified_gmt":"2024-10-13T14:18:07","slug":"con-el-85-de-su-capacidad-hotelera-ocupada-gualeguaychu-se-posiciona-como-un-importante-destino-turistico","status":"publish","type":"post","link":"https:\/\/impactodenoticias.com.ar\/?p=5374","title":{"rendered":"Con el 85% de su capacidad hotelera ocupada, Gualeguaych\u00fa se posiciona como un importante destino tur\u00edstico"},"content":{"rendered":"\n<p class=\"has-medium-font-size\"><strong>Este viernes, la ciudad est\u00e1 recibiendo una importante cantidad de turistas, donde podr\u00e1n participar de la Fiesta Nacional de Carrozas Estudiantiles y la fiesta de la M\u00fasica y el Asado con Cuero de B\u00fafalo, entre otros atractivos.<\/strong><\/p>\n\n\n\n<p>Hasta el momento, se registra una ocupaci\u00f3n hotelera del 85 por ciento. Y se estima que con el correr de las horas la ciudad completar\u00e1 su oferta de alojamientos, dado que est\u00e1n ingresando visitantes en busca de informaci\u00f3n sobre hoteles, caba\u00f1as y bungalows, preferentemente, y tambi\u00e9n sobre propuestas para el fin de semana.<\/p>\n\n\n\n<p>Adem\u00e1s de lo previsto para este fin de semana, con atractivos excluyentes, como la Fiesta Nacional de Carrozas Estudiantiles y la Fiesta de la M\u00fasica y el Asado con Cuero de B\u00fafalo, la ciudad ofrece permanentemente propuestas culturales, senderismo, ferias, paseos n\u00e1uticos, variada gastronom\u00eda, museos, reservas naturales y vi\u00f1edos, entre otras opciones.<\/p>\n\n\n\n<p><strong>La agenda para este fin de semana largo<\/strong><\/p>\n\n\n\n<p><strong>S\u00e1bado 12:<\/strong><\/p>\n\n\n\n<p>De 10 a 20: Feriar.T. Plaza San Mart\u00edn. Emprendedores artesanales. Escenario con artistas locales: Los del Recuerdo, Mar\u00eda Bel\u00e9n Villagra y clase de zumba con Luis y Miku.<\/p>\n\n\n\n<p>16: Senderismo. Caminata guiada atravesando los diferentes ambientes de la reserva, observando su flora y fauna silvestre y aprendiendo la importancia que tienen para la conservaci\u00f3n de nuestro monte. Duraci\u00f3n 2h. Inscripci\u00f3n previa, contactarse al 11 3 208 1431 o @senderosdelmonte.<\/p>\n\n\n\n<p>20: Biblioteca Sarmiento. La pianista Silvia Teijeira se presenta con \u00abNosotras\u00bb la obra que re\u00fane las voces de nueve poetas de la regi\u00f3n. Actuaci\u00f3n de Irene Aguer, Rita Ronconi. Direcci\u00f3n de Sonia Luj\u00e1n. Reservas: 3446 678931\/ 601695.<\/p>\n\n\n\n<p>20,30: Cors\u00f3dromo. 65\u00aa Fiesta Nacional de Carrozas Estudiantiles de Gualeguaych\u00fa. 21 cursos de 14 instituciones educativas de nivel secundario, tanto de gesti\u00f3n estatal como privada, presentan 9 carrozas primaverales y 11 carrozas libres.<\/p>\n\n\n\n<p><strong>Domingo 13:<\/strong><\/p>\n\n\n\n<p>9: Club Social y Deportivo Atl\u00e9tico Sur presenta la 7\u00b0 edici\u00f3n de la M\u00fasica Popular y el Asado con Cuero de B\u00fafalo, en el predio ubicado en Acceso Sur y Blvr. Mart\u00ednez. Desfile de agrupaciones gauchescas y carruajes. Destrezas en carreras de riendas y sortijas. Asado con cuero, chorizos y empanadas de b\u00fafalo. Conjunto chamamecero Los De All\u00e1 It y bailanta con grupo Mita\u00ed.<\/p>\n","protected":false},"excerpt":{"rendered":"<p>Este viernes, la ciudad est&aacute; recibiendo una importante cantidad de turistas, donde podr&aacute;n participar de la Fiesta Nacional de Carrozas Estudiantiles y la fiesta de la M&uacute;sica y el Asado con Cuero de B&uacute;falo, entre otros atractivos. Hasta el momento, se registra una ocupaci&oacute;n hotelera del 85 por ciento. Y se estima que con el [&hellip;]<\/p>\n","protected":false},"author":2,"featured_media":5375,"comment_status":"open","ping_status":"open","sticky":false,"template":"","format":"standard","meta":{"footnotes":""},"categories":[4,49],"tags":[280,850],"class_list":["post-5374","post","type-post","status-publish","format-standard","has-post-thumbnail","hentry","category-provinciales","category-sociedad","tag-gualeguaychu","tag-turismo"],"_links":{"self":[{"href":"https:\/\/impactodenoticias.com.ar\/index.php?rest_route=\/wp\/v2\/posts\/5374","targetHints":{"allow":["GET"]}}],"collection":[{"href":"https:\/\/impactodenoticias.com.ar\/index.php?rest_route=\/wp\/v2\/posts"}],"about":[{"href":"https:\/\/impactodenoticias.com.ar\/index.php?rest_route=\/wp\/v2\/types\/post"}],"author":[{"embeddable":true,"href":"https:\/\/impactodenoticias.com.ar\/index.php?rest_route=\/wp\/v2\/users\/2"}],"replies":[{"embeddable":true,"href":"https:\/\/impactodenoticias.com.ar\/index.php?rest_route=%2Fwp%2Fv2%2Fcomments&post=5374"}],"version-history":[{"count":1,"href":"https:\/\/impactodenoticias.com.ar\/index.php?rest_route=\/wp\/v2\/posts\/5374\/revisions"}],"predecessor-version":[{"id":5376,"href":"https:\/\/impactodenoticias.com.ar\/index.php?rest_route=\/wp\/v2\/posts\/5374\/revisions\/5376"}],"wp:featuredmedia":[{"embeddable":true,"href":"https:\/\/impactodenoticias.com.ar\/index.php?rest_route=\/wp\/v2\/media\/5375"}],"wp:attachment":[{"href":"https:\/\/impactodenoticias.com.ar\/index.php?rest_route=%2Fwp%2Fv2%2Fmedia&parent=5374"}],"wp:term":[{"taxonomy":"category","embeddable":true,"href":"https:\/\/impactodenoticias.com.ar\/index.php?rest_route=%2Fwp%2Fv2%2Fcategories&post=5374"},{"taxonomy":"post_tag","embeddable":true,"href":"https:\/\/impactodenoticias.com.ar\/index.php?rest_route=%2Fwp%2Fv2%2Ftags&post=5374"}],"curies":[{"name":"wp","href":"https:\/\/api.w.org\/{rel}","templated":true}]}}